{"id":7936,"date":"2024-03-18T14:02:40","date_gmt":"2024-03-18T14:02:40","guid":{"rendered":"https:\/\/ellascomunicacion.com\/finaliza-el-rodaje-de-gila-es-el-enemigo"},"modified":"2024-03-18T14:03:38","modified_gmt":"2024-03-18T14:03:38","slug":"finaliza-el-rodaje-de-gila-es-el-enemigo","status":"publish","type":"post","link":"https:\/\/ellascomunicacion.com\/en\/finaliza-el-rodaje-de-gila-es-el-enemigo","title":{"rendered":"Finaliza el rodaje de &#8220;Gila: \u00bfEs el enemigo?"},"content":{"rendered":"<p>Foto: \u00a9 David Herranz<\/p>\n<p>Finaliza el rodaje de <strong>Gila: \u00bfEs el enemigo?<\/strong> una pel\u00edcula dirigida por Alexis Morante sobre la inolvidable figura de Miguel Gila, pionero del stand-up en espa\u00f1ol y humorista de referencia del siglo XX. <\/p>\n<p>Inspirada en \u201cEl libro de Gila. Antolog\u00eda c\u00f3mica de obra y vida\u201d, publicado por Blackie Books, la pel\u00edcula est\u00e1 escrita por Alexis Morante y Ra\u00fal Santos a partir de un argumento de Jose Alba y el propio Morante.  El equipo creativo ha contado en todo momento con el apoyo de Malena Gila, hija del humorista.<\/p>\n<p><strong>Gila: \u00bfEs el enemigo?<\/strong> es una f\u00e1bula optimista sobre un joven Miguel Gila en la Guerra Civil. A los 17 a\u00f1os, Miguel acude a la contienda y all\u00ed, sobrevive a miserias, batallas y a su propio fusilamiento gracias a su don: el humor.  Basada en hechos reales y en sus propios mon\u00f3logos, la pel\u00edcula nos cuenta la transformaci\u00f3n de Miguel a Gila, el c\u00f3mico que todos conocemos, y reinventa todos esos momentos que a\u00f1os m\u00e1s tarde inspirar\u00edan sus chistes. <\/p>\n<p>La pel\u00edcula cuenta con un elenco coral encabezado por el actor, c\u00f3mico y mago \u00d3scar Lasarte que interpreta a Miguel Gila en su primer papel protagonista, Carlos Cuevas (\u201cMerl\u00ed\u201d), Natalia De Molina (Premio Goya a Mejor Actriz Revelaci\u00f3n por \u201cVivir es f\u00e1cil con los ojos cerrados\u201d y Premio Goya a Mejor Actriz por \u201cTecho y comida\u201d), Salva Reina (Nominado al Premio Carmen a Mejor Actor por \u201cEl universo de \u00d3liver\u201d y Biznaga de Plata al mejor actor secundario por \u201c321 d\u00edas en M\u00edchigan\u201d), Iv\u00e1n Villanueva (\u201cReyes de la noche\u201d), Antonio Bachiller (\u201cA cambio de nada\u201d) y David Elvira. <\/p>\n<p>Se suman al reparto Adelfa Calvo (Premio Goya a Mejor Actriz de Reparto por \u201cEl autor\u201d), Pedro Casablanc (\u201cSaben aquell\u201d, Premio ASECAN al Mejor Actor por \u201cB\u201d) y Vicente Romero (Premio ASECAN al Mejor Actor por \u201cIntemperie\u201d).<\/p>\n<p>El director y guionista Alexis Morante, conocido por sus documentales musicales, debut\u00f3 en la direcci\u00f3n de ficci\u00f3n con \u201cEl universo de \u00d3liver\u201d por el que recibi\u00f3 en 2023 el Premio Carmen de la Academia de Cine de Andaluc\u00eda a Mejor Guion Adaptado. Adem\u00e1s, ha recibido tres nominaciones a los Premios Goya como director por \u201cH\u00e9roes. Silencio y Rock &#038; Roll\u201d, \u201cCamar\u00f3n: flamenco y revoluci\u00f3n\u201d y su cortometraje \u201cBla Bla Bla\u201d; y cuenta con un Grammy Latino al Mejor Documental Musical por \u201cSanz: lo que fui es lo que soy\u201d y otros muchos premios internacionales. Su \u00faltimo documental \u201cBisbal\u201d fue uno de los grandes estrenos de Movistar Plus+ en 2023. <\/p>\n<p>En palabras de Alexis Morante: \u201c<em>Aproximarme a los or\u00edgenes de la figura de Gila desde la ficci\u00f3n me ha permitido explorar temas universales tan delicados como la guerra y el enfrentamiento entre iguales desde una perspectiva tragic\u00f3mica y emocional, as\u00ed como construir una f\u00e1bula que se sustenta en esa forma \u00fanica de ver la vida de Gila. En esta pel\u00edcula, contamos de d\u00f3nde surge la personalidad y el humor de Gila, y en paralelo exploramos c\u00f3mo un pa\u00eds se encamina hacia la autodestrucci\u00f3n para resurgir de sus cenizas. Todo esto atravesado por el humor, nuestra esencia m\u00e1s antigua<\/em>\u201d <\/p>\n<p>Rodada en distintas localizaciones de Bizkaia, <strong>Gila: \u00bfEs el enemigo?<\/strong> es una producci\u00f3n de Pecado Films (Jose Alba y Odile Antonio-Baez), Arcadia Motion Pictures (Ibon Cormenzana, Ignasi Estap\u00e9, Sandra Tapia, \u00c1ngel Dur\u00e1ndez) y Philmo Capital AIE en coproducci\u00f3n con Nu Boyana Portugal (Pedro Domingo y Celine Fernandes), que cuenta con la participaci\u00f3n de RTVE, Movistar Plus+, Canal Sur y 3Cat, la financiaci\u00f3n del ICAA y la participaci\u00f3n de CreaSGR. <\/p>\n<p>De su distribuci\u00f3n en Espa\u00f1a se encargar\u00e1 Filmax. <\/p>\n<p>Para Jose Alba (Pecado Films) \u201c<em>Gila fue un pionero, el art\u00edfice de la reconciliaci\u00f3n social de Espa\u00f1a en la posguerra, la persona que nos hizo reir juntos de nuevo. Incluso en los peores momentos, Gila nos ense\u00f1\u00f3 que el humor es nuestra salvaci\u00f3n\u201d.<\/em><\/p>\n<p>Por su parte, Sandra Tapia (Arcadia Motion Pictures) afirma: \u201c<em>Gila es una figura clave a trav\u00e9s de la que podemos entender la cultura espa\u00f1ola y europea del siglo XX. Es un personaje universal que en su salto al cine deseamos que trascienda fronteras y generaciones<\/em>\u201d.<\/p>\n<p>SINOPSIS:<br \/>\nEn el Madrid de 1936, un joven llamado Miguel Gila vive tranquilo y feliz con sus abuelos en una humilde buhardilla. Pero el estallido de la Guerra Civil obliga a Miguel, junto a su amigo Pedro, a acudir a la lucha. All\u00ed Gila sobrevive a miserias, batallas, al fusilamiento y a la c\u00e1rcel gracias a su humor. Por esta forma \u00fanica de interpretar el mundo que le rodea, Gila se convertir\u00e1 en uno de los c\u00f3micos m\u00e1s populares de Espa\u00f1a y Latinoam\u00e9rica.<\/p>\n","protected":false},"excerpt":{"rendered":"<p>Foto: \u00a9 David Herranz Finaliza el rodaje de Gila: \u00bfEs el enemigo? una pel\u00edcula dirigida por Alexis Morante sobre la inolvidable figura de Miguel Gila, pionero del stand-up en espa\u00f1ol y humorista de referencia del siglo XX. Inspirada en \u201cEl libro de Gila. Antolog\u00eda c\u00f3mica de obra y vida\u201d, publicado por Blackie Books, la pel\u00edcula est\u00e1 escrita por Alexis Morante y Ra\u00fal Santos a partir de un argumento de Jose Alba y el propio Morante. El equipo creativo ha contado en todo momento con el apoyo de Malena Gila, hija del humorista. Gila: \u00bfEs el enemigo? es una f\u00e1bula optimista sobre un joven Miguel Gila en la Guerra Civil. A los 17 a\u00f1os, Miguel acude a la contienda y all\u00ed, sobrevive a miserias, batallas y a su propio fusilamiento gracias a su don: el humor. Basada en hechos reales y en sus propios mon\u00f3logos, la pel\u00edcula nos cuenta la transformaci\u00f3n<\/p>\n","protected":false},"author":2,"featured_media":7934,"comment_status":"closed","ping_status":"closed","sticky":false,"template":"","format":"standard","meta":{"footnotes":""},"categories":[70,64],"tags":[],"class_list":["post-7936","post","type-post","status-publish","format-standard","has-post-thumbnail","hentry","category-blog-en","category-news"],"_links":{"self":[{"href":"https:\/\/ellascomunicacion.com\/en\/wp-json\/wp\/v2\/posts\/7936","targetHints":{"allow":["GET"]}}],"collection":[{"href":"https:\/\/ellascomunicacion.com\/en\/wp-json\/wp\/v2\/posts"}],"about":[{"href":"https:\/\/ellascomunicacion.com\/en\/wp-json\/wp\/v2\/types\/post"}],"author":[{"embeddable":true,"href":"https:\/\/ellascomunicacion.com\/en\/wp-json\/wp\/v2\/users\/2"}],"replies":[{"embeddable":true,"href":"https:\/\/ellascomunicacion.com\/en\/wp-json\/wp\/v2\/comments?post=7936"}],"version-history":[{"count":1,"href":"https:\/\/ellascomunicacion.com\/en\/wp-json\/wp\/v2\/posts\/7936\/revisions"}],"predecessor-version":[{"id":7937,"href":"https:\/\/ellascomunicacion.com\/en\/wp-json\/wp\/v2\/posts\/7936\/revisions\/7937"}],"wp:featuredmedia":[{"embeddable":true,"href":"https:\/\/ellascomunicacion.com\/en\/wp-json\/wp\/v2\/media\/7934"}],"wp:attachment":[{"href":"https:\/\/ellascomunicacion.com\/en\/wp-json\/wp\/v2\/media?parent=7936"}],"wp:term":[{"taxonomy":"category","embeddable":true,"href":"https:\/\/ellascomunicacion.com\/en\/wp-json\/wp\/v2\/categories?post=7936"},{"taxonomy":"post_tag","embeddable":true,"href":"https:\/\/ellascomunicacion.com\/en\/wp-json\/wp\/v2\/tags?post=7936"}],"curies":[{"name":"wp","href":"https:\/\/api.w.org\/{rel}","templated":true}]}}