{"id":7565,"date":"2023-01-26T15:40:40","date_gmt":"2023-01-26T15:40:40","guid":{"rendered":"https:\/\/ellascomunicacion.com\/maridos-dirigida-por-lucia-alemany-y-protagonizada-por-paco-leon-y-ernesto-alterio-estreno-en-cines-el-10-de-marzo"},"modified":"2023-01-26T15:41:36","modified_gmt":"2023-01-26T15:41:36","slug":"maridos-dirigida-por-lucia-alemany-y-protagonizada-por-paco-leon-y-ernesto-alterio-estreno-en-cines-el-10-de-marzo","status":"publish","type":"post","link":"https:\/\/ellascomunicacion.com\/en\/maridos-dirigida-por-lucia-alemany-y-protagonizada-por-paco-leon-y-ernesto-alterio-estreno-en-cines-el-10-de-marzo","title":{"rendered":"&#8220;MARI(DOS)&#8221;, dirigida por Luc\u00eda Alemany y protagonizada por Paco Le\u00f3n y Ernesto Alterio, estreno en cines el 10 de marzo"},"content":{"rendered":"<p>Foto: \u00a9 Diego L\u00f3pez Calv\u00edn<\/p>\n<p><strong>MARI(DOS)<\/strong>, una comedia sobre el amor, la amistad y la lealtad, se estrenar\u00e1 solo en cines el pr\u00f3ximo 10 de marzo.<\/p>\n<p>Dirigida por Luc\u00eda Alemany, la pel\u00edcula est\u00e1 protagonizada por Paco Le\u00f3n (\u2018Kiki, el amor se hace\u2019, \u2018La tribu\u2019, \u2018Mam\u00e1 o pap\u00e1\u2019 y \u2018No mires a los ojos\u2019), Ernesto Alterio (\u2018Perfectos desconocidos\u2019, \u2019El cuarto pasajero\u2019, \u2018Donde caben dos\u2019, \u2018Lo dejo cuando quiera\u2019), Celia Freijeiro (\u2018Amor de madre\u2019, \u2018La playa de los ahogados\u2019 y las series \u2018Vida perfecta\u2019 y \u2018Esc\u00e1ndalo\u2019) y Ra\u00fal Cimas (\u2018Tiempo despu\u00e9s\u2019, \u2018Los del t\u00fanel\u2019 y las series \u2018La reina del pueblo\u2019 y \u2018Muchachada Nui\u2019). Completan el reparto Jes\u00fas Olmedo, las actrices infantiles Luc\u00eda G\u00f3mez y Emma Hern\u00e1ndez y el adolescente Kirill Bunegin.<\/p>\n<p><strong>MARI(DOS) <\/strong>es el segundo largometraje de Luc\u00eda Alemany y cuenta con un guion firmado por Pablo Al\u00e9n y Breixo Corral (\u20183 bodas de m\u00e1s\u2019 y \u2018Anacleto: agente secreto\u2019). La directora castellonense, que debut\u00f3 en 2019 con \u2018La inocencia\u2019, \u00f3pera prima que obtuvo, entre otros reconocimientos, dos nominaciones a los premios Goya y siete a los Gaud\u00ed, dirige ahora \u201cuna comedia irreverente, muy divertida y a ratos sofisticada, cuya trama gira en torno a dos hombres enfrentados por una mujer con la que, sin saberlo, han mantenido relaciones paralelas y que poco a poco van a ir quit\u00e1ndose capas de orgullo para ser m\u00e1s sinceros consigo mismos. A trav\u00e9s de estos \u2018comaridos\u2019 y desde una mirada a veces descarada, se plantea tambi\u00e9n una evoluci\u00f3n en torno a las relaciones amorosas actuales\u201d.<\/p>\n<p>El rodaje de la pel\u00edcula ha transcurrido en escenarios del Pirineo Aragon\u00e9s y estaciones de esqu\u00ed como Candanch\u00fa, Formigal y Panticosa y localizaciones naturales de la Comunidad de Madrid, en las que las bajas temperaturas y las nevadas constantes han aportado mayor realismo, belleza y una est\u00e9tica id\u00edlica a la historia.<\/p>\n<p><strong>MARI(DOS)<\/strong> es una producci\u00f3n de Telecinco Cinema (Ghislain Barrois y \u00c1lvaro Augustin), Ciudadano Ciskul (Francisco S\u00e1nchez), Think Studio (Eneko Lizarraga), y Dos Maridos AIE, que cuenta con la participaci\u00f3n de Mediaset Espa\u00f1a, Movistar Plus+ y Mediterr\u00e1neo Mediaset Espa\u00f1a Group. En Espa\u00f1a la distribuci\u00f3n de la pel\u00edcula corre a cargo de Buena Vista International.<\/p>\n<p>SINOPSIS:<br \/>\nToni y Emilio (Paco Le\u00f3n y Ernesto Alterio) reciben la misma tr\u00e1gica llamada: sus mujeres est\u00e1n en coma tras un alud en una estaci\u00f3n de esqu\u00ed. Cuando se presentan en el mostrador de admisiones del hospital hacen un sorprendente descubrimiento: sus mujeres son, en realidad, la misma persona, Laura (Celia Freijeiro). Durante a\u00f1os, Laura ha llevado en secreto vidas paralelas, una salvaje monta\u00f1a rusa a caballo entre sus dos familias. Obligados a convivir hasta que Laura despierte y pueda ser trasladada, Emilio y Toni luchan por demostrar qui\u00e9n de los dos es el \u00fanico y aut\u00e9ntico marido.<\/p>\n","protected":false},"excerpt":{"rendered":"<p>Foto: \u00a9 Diego L\u00f3pez Calv\u00edn MARI(DOS), una comedia sobre el amor, la amistad y la lealtad, se estrenar\u00e1 solo en cines el pr\u00f3ximo 10 de marzo. Dirigida por Luc\u00eda Alemany, la pel\u00edcula est\u00e1 protagonizada por Paco Le\u00f3n (\u2018Kiki, el amor se hace\u2019, \u2018La tribu\u2019, \u2018Mam\u00e1 o pap\u00e1\u2019 y \u2018No mires a los ojos\u2019), Ernesto Alterio (\u2018Perfectos desconocidos\u2019, \u2019El cuarto pasajero\u2019, \u2018Donde caben dos\u2019, \u2018Lo dejo cuando quiera\u2019), Celia Freijeiro (\u2018Amor de madre\u2019, \u2018La playa de los ahogados\u2019 y las series \u2018Vida perfecta\u2019 y \u2018Esc\u00e1ndalo\u2019) y Ra\u00fal Cimas (\u2018Tiempo despu\u00e9s\u2019, \u2018Los del t\u00fanel\u2019 y las series \u2018La reina del pueblo\u2019 y \u2018Muchachada Nui\u2019). Completan el reparto Jes\u00fas Olmedo, las actrices infantiles Luc\u00eda G\u00f3mez y Emma Hern\u00e1ndez y el adolescente Kirill Bunegin. MARI(DOS) es el segundo largometraje de Luc\u00eda Alemany y cuenta con un guion firmado por Pablo Al\u00e9n y Breixo Corral (\u20183 bodas de m\u00e1s\u2019 y \u2018Anacleto: agente secreto\u2019). La directora<\/p>\n","protected":false},"author":2,"featured_media":7563,"comment_status":"closed","ping_status":"closed","sticky":false,"template":"","format":"video","meta":{"footnotes":""},"categories":[64],"tags":[],"class_list":["post-7565","post","type-post","status-publish","format-video","has-post-thumbnail","hentry","category-news","post_format-post-format-video"],"_links":{"self":[{"href":"https:\/\/ellascomunicacion.com\/en\/wp-json\/wp\/v2\/posts\/7565","targetHints":{"allow":["GET"]}}],"collection":[{"href":"https:\/\/ellascomunicacion.com\/en\/wp-json\/wp\/v2\/posts"}],"about":[{"href":"https:\/\/ellascomunicacion.com\/en\/wp-json\/wp\/v2\/types\/post"}],"author":[{"embeddable":true,"href":"https:\/\/ellascomunicacion.com\/en\/wp-json\/wp\/v2\/users\/2"}],"replies":[{"embeddable":true,"href":"https:\/\/ellascomunicacion.com\/en\/wp-json\/wp\/v2\/comments?post=7565"}],"version-history":[{"count":1,"href":"https:\/\/ellascomunicacion.com\/en\/wp-json\/wp\/v2\/posts\/7565\/revisions"}],"predecessor-version":[{"id":7566,"href":"https:\/\/ellascomunicacion.com\/en\/wp-json\/wp\/v2\/posts\/7565\/revisions\/7566"}],"wp:featuredmedia":[{"embeddable":true,"href":"https:\/\/ellascomunicacion.com\/en\/wp-json\/wp\/v2\/media\/7563"}],"wp:attachment":[{"href":"https:\/\/ellascomunicacion.com\/en\/wp-json\/wp\/v2\/media?parent=7565"}],"wp:term":[{"taxonomy":"category","embeddable":true,"href":"https:\/\/ellascomunicacion.com\/en\/wp-json\/wp\/v2\/categories?post=7565"},{"taxonomy":"post_tag","embeddable":true,"href":"https:\/\/ellascomunicacion.com\/en\/wp-json\/wp\/v2\/tags?post=7565"}],"curies":[{"name":"wp","href":"https:\/\/api.w.org\/{rel}","templated":true}]}}