{"id":7212,"date":"2022-06-06T08:38:59","date_gmt":"2022-06-06T08:38:59","guid":{"rendered":"https:\/\/ellascomunicacion.com\/alberto-san-juan-es-cristobal-balenciaga-en-la-serie-original-de-disney-que-arranca-ya-su-rodaje"},"modified":"2022-06-06T08:39:53","modified_gmt":"2022-06-06T08:39:53","slug":"alberto-san-juan-es-cristobal-balenciaga-en-la-serie-original-de-disney-que-arranca-ya-su-rodaje","status":"publish","type":"post","link":"https:\/\/ellascomunicacion.com\/en\/alberto-san-juan-es-cristobal-balenciaga-en-la-serie-original-de-disney-que-arranca-ya-su-rodaje","title":{"rendered":"Alberto San Juan es Crist\u00f3bal Balenciaga en la serie original de Disney+ que arranca ya su rodaje"},"content":{"rendered":"<p>Foto: \u00a9 David Herranz<\/p>\n<p>Madrid, 6 de junio \u2013 Alberto San Juan se pondr\u00e1 en la piel de uno de los dise\u00f1adores de moda m\u00e1s ic\u00f3nicos en <strong>Balenciaga<\/strong> (t\u00edtulo provisional), la serie original de Disney+.<br \/>\nSan Juan, que debut\u00f3 en el cine con \u201cAirbag\u201d y alcanz\u00f3 gran popularidad con \u201cEl otro lado de la cama\u201d, ha ganado el premio Goya en dos ocasiones: al mejor actor protagonista por \u201cBajo las estrellas\u201d (2008) y al mejor actor de reparto por \u201cSentimental\u201d (2021). Paralelamente, ha desarrollado una prol\u00edfica carrera en el teatro. Fundador de la compa\u00f1\u00eda Animalario, ha protagonizado obras como \u201cAlejandro y Ana\u201d o \u201cMarat Sade\u201d, por la que fue nominado al premio Max como mejor actor, o \u201cTito Andr\u00f3nico\u201d. Es adem\u00e1s autor de t\u00edtulos como \u201cQu\u00e9 te importa que te ame\u201d y \u201cEl fin de los sue\u00f1os\u201d, premio Max de teatro alternativo. <\/p>\n<p>En palabras de San Juan, \u201c<em>participar en este proyecto es un lujo: por el personaje, por los guiones, por los directores y por el equipo en general. Es un reto para todos. Como siempre, pero un poco m\u00e1s. Es casi como rodar tres pel\u00edculas en cuatro meses, en varios idiomas y con un paso de tiempo de varias d\u00e9cadas entre el principio y el final. En resumen: \u00a1una alegr\u00eda!<\/em>\u201d. <\/p>\n<p>San Juan se une en <strong>Balenciaga<\/strong> (t\u00edtulo provisional) a un equipo liderado por los creadores de \u201cLoreak\u201d, \u201cHandia\u201d y \u201cLa trinchera infinita\u201d (ganadores de 13 premios Goya), Jose Mari Goegana, Jon Gara\u00f1o y Aitor Arregi, guionistas junto a Lourdes Iglesias, y directores de esta serie que retrata a un hombre enigm\u00e1tico y con un talento extraordinario que desafi\u00f3 las convenciones sociales de la \u00e9poca y revolucion\u00f3 el mundo de la moda. <\/p>\n<p>\u201c<em>En cuanto Alberto San Juan lleg\u00f3 a la prueba sentimos que hab\u00edamos encontrado a nuestro Crist\u00f3bal Balenciaga. Estamos muy orgullosos de poder contar con \u00e9l. Su entrega e implicaci\u00f3n en el proyecto es total. Es el protagonista absoluto, presente en casi todas las escenas de la serie e interpretando a un dise\u00f1ador de moda, lo que implica aprender a coser o a manipular una tela<\/em>\u201d, cuentan Goenaga, Gara\u00f1o y Arregi. <\/p>\n<p><strong>Balenciaga<\/strong> (t\u00edtulo provisional) es una ambiciosa producci\u00f3n de Disney+ tras la que hay un minucioso trabajo de investigaci\u00f3n y recreaci\u00f3n. La dise\u00f1adora de vestuario Bina Daigeler, nominada al Oscar por la pel\u00edcula de acci\u00f3n real \u201cMul\u00e1n\u201d de Walt Disney Studios, y el figurinista Pepo Ruiz Dorado, dirigen un departamento de 30 personas que se encuentra recreando los dise\u00f1os del maestro de Getaria. Ellos forman parte de un equipo de 100 profesionales y 2.000 figurantes que, durante las dieciocho semanas que dura el rodaje, interpretan a un centenar de personajes. <strong>Balenciaga<\/strong> (t\u00edtulo provisional), que transcurre desde la Guerra Civil espa\u00f1ola hasta principios de la d\u00e9cada de los 70, se filmar\u00e1 en m\u00e1s de 90 decorados de Espa\u00f1a (Pa\u00eds Vasco, Navarra y Madrid) y Francia (Par\u00eds, Burdeos y Toulouse).<\/p>\n<p><strong>Balenciaga<\/strong> (t\u00edtulo provisional) cuenta la historia de un hombre que, a trav\u00e9s de su talento natural, constancia y olfato para los negocios, se atrevi\u00f3 a desafiar su estatus social como el hijo de una modista y un pescador, convirti\u00e9ndose en uno de los dise\u00f1adores m\u00e1s relevantes de todos los tiempos. La serie es un retrato sobre la b\u00fasqueda de la identidad frente a las adversidades y el desaf\u00edo de las convenciones sociales a lo largo de los a\u00f1os. Obsesionado con encontrar un estilo propio entre las voces que juzgaban su obra y con la soledad que conlleva ser un artista, el p\u00fablico ser\u00e1 testigo de la constante deconstrucci\u00f3n y reconstrucci\u00f3n de las grandes p\u00e9rdidas de este maestro: su compa\u00f1ero de vida, su madre y su pa\u00eds.<\/p>\n","protected":false},"excerpt":{"rendered":"<p>Foto: \u00a9 David Herranz Madrid, 6 de junio \u2013 Alberto San Juan se pondr\u00e1 en la piel de uno de los dise\u00f1adores de moda m\u00e1s ic\u00f3nicos en Balenciaga (t\u00edtulo provisional), la serie original de Disney+. San Juan, que debut\u00f3 en el cine con \u201cAirbag\u201d y alcanz\u00f3 gran popularidad con \u201cEl otro lado de la cama\u201d, ha ganado el premio Goya en dos ocasiones: al mejor actor protagonista por \u201cBajo las estrellas\u201d (2008) y al mejor actor de reparto por \u201cSentimental\u201d (2021). Paralelamente, ha desarrollado una prol\u00edfica carrera en el teatro. Fundador de la compa\u00f1\u00eda Animalario, ha protagonizado obras como \u201cAlejandro y Ana\u201d o \u201cMarat Sade\u201d, por la que fue nominado al premio Max como mejor actor, o \u201cTito Andr\u00f3nico\u201d. Es adem\u00e1s autor de t\u00edtulos como \u201cQu\u00e9 te importa que te ame\u201d y \u201cEl fin de los sue\u00f1os\u201d, premio Max de teatro alternativo. En palabras de San Juan, \u201cparticipar en este<\/p>\n","protected":false},"author":2,"featured_media":7210,"comment_status":"closed","ping_status":"closed","sticky":false,"template":"","format":"standard","meta":{"footnotes":""},"categories":[70,64],"tags":[],"class_list":["post-7212","post","type-post","status-publish","format-standard","has-post-thumbnail","hentry","category-blog-en","category-news"],"_links":{"self":[{"href":"https:\/\/ellascomunicacion.com\/en\/wp-json\/wp\/v2\/posts\/7212","targetHints":{"allow":["GET"]}}],"collection":[{"href":"https:\/\/ellascomunicacion.com\/en\/wp-json\/wp\/v2\/posts"}],"about":[{"href":"https:\/\/ellascomunicacion.com\/en\/wp-json\/wp\/v2\/types\/post"}],"author":[{"embeddable":true,"href":"https:\/\/ellascomunicacion.com\/en\/wp-json\/wp\/v2\/users\/2"}],"replies":[{"embeddable":true,"href":"https:\/\/ellascomunicacion.com\/en\/wp-json\/wp\/v2\/comments?post=7212"}],"version-history":[{"count":1,"href":"https:\/\/ellascomunicacion.com\/en\/wp-json\/wp\/v2\/posts\/7212\/revisions"}],"predecessor-version":[{"id":7213,"href":"https:\/\/ellascomunicacion.com\/en\/wp-json\/wp\/v2\/posts\/7212\/revisions\/7213"}],"wp:featuredmedia":[{"embeddable":true,"href":"https:\/\/ellascomunicacion.com\/en\/wp-json\/wp\/v2\/media\/7210"}],"wp:attachment":[{"href":"https:\/\/ellascomunicacion.com\/en\/wp-json\/wp\/v2\/media?parent=7212"}],"wp:term":[{"taxonomy":"category","embeddable":true,"href":"https:\/\/ellascomunicacion.com\/en\/wp-json\/wp\/v2\/categories?post=7212"},{"taxonomy":"post_tag","embeddable":true,"href":"https:\/\/ellascomunicacion.com\/en\/wp-json\/wp\/v2\/tags?post=7212"}],"curies":[{"name":"wp","href":"https:\/\/api.w.org\/{rel}","templated":true}]}}