{"id":7175,"date":"2022-04-25T12:21:24","date_gmt":"2022-04-25T12:21:24","guid":{"rendered":"https:\/\/ellascomunicacion.com\/?p=7175"},"modified":"2022-05-03T12:28:12","modified_gmt":"2022-05-03T12:28:12","slug":"finaliza-el-rodaje-de-la-ultima-la-serie-original-de-disney-protagonizada-por-aitana-ocana-y-miguel-bernardeau","status":"publish","type":"post","link":"https:\/\/ellascomunicacion.com\/en\/finaliza-el-rodaje-de-la-ultima-la-serie-original-de-disney-protagonizada-por-aitana-ocana-y-miguel-bernardeau","title":{"rendered":"Finaliza el rodaje de &#8220;La \u00faltima&#8221;, la serie original de Disney+ protagonizada por Aitana Oca\u00f1a y Miguel Bernardeau"},"content":{"rendered":"<p>\u00a9 Federico Calvo<\/p>\n<p>Despu\u00e9s de tres meses de rodaje en Madrid y Valencia, ha finalizado la grabaci\u00f3n de <strong>La \u00daltima<\/strong>, la primera producci\u00f3n original de Disney+ en Espa\u00f1a. La serie, protagonizada por Miguel Bernardeau (&#8220;Josefina&#8221;, &#8220;\u00c9lite&#8221;, &#8220;Todo lo otro&#8221;) y Aitana Oca\u00f1a, (Formentera, Mon Amour Remix, En El Coche), el fen\u00f3meno musical del momento y la artista pop m\u00e1s importante del pa\u00eds en su primer trabajo como actriz, llegar\u00e1 en exclusiva a Disney+ pr\u00f3ximamente.    <\/p>\n<p>Adem\u00e1s de los protagonistas han participado en \u201cLa \u00daltima\u201d: Aitor Luna (&#8220;Los hombres de Paco&#8221;, &#8220;Velvet&#8221;, &#8220;La catedral del mar&#8221;, &#8220;Valeria&#8221;), Luis Zahera (ganador del Goya a Mejor Actor de Reparto por &#8220;El reino&#8221;), Jorge Motos (nominado al Goya a Mejor Actor Revelaci\u00f3n por &#8220;Lucas&#8221;), \u00d3scar de la Fuente (nominado al Goya a Mejor Actor Revelaci\u00f3n por &#8220;El buen patr\u00f3n&#8221;), Esther Ortega (&#8220;Desaparecida&#8221;, &#8220;Cu\u00e9ntame c\u00f3mo paso&#8221;, &#8220;Madres&#8221;), Jorge Perugorr\u00eda (protagonista de &#8220;Fresa y chocolate&#8221;, y reconocido recientemente con la Medalla de Oro de la Academia de Cine de Espa\u00f1a por su contribuci\u00f3n al cine espa\u00f1ol con pel\u00edculas como &#8220;Volav\u00e9runt&#8221;, &#8220;Cuando vuelvas a mi lado&#8221; o &#8220;Vientos de La Habana&#8221;), David Castillo (&#8220;A\u00edda&#8221;, &#8220;Besos al aire&#8221;, &#8220;El Cid&#8221;) y Sandra Cervera (&#8220;El secreto de Puente Viejo&#8221;). <\/p>\n<p><strong>La \u00daltima<\/strong> es la historia de los encuentros y desencuentros de Candela (Aitana Oca\u00f1a) y Diego (Miguel Bernardeau), en un viaje a trav\u00e9s del amor, la amistad y la lucha por abrirse camino.<\/p>\n<p>La nueva serie original de Disney+, que contar\u00e1 con 5 episodios, est\u00e1 dirigida por Eduard Cort\u00e9s (&#8220;Merl\u00ed&#8221;) y Abigail Schaaff (&#8220;El Ministerio del Tiempo&#8221;). Ana\u00efs Schaaff (&#8220;Isabel&#8221;, &#8220;El Ministerio del Tiempo&#8221;), Jordi Calaf\u00ed (&#8220;Malaka&#8221;, &#8220;El Ministerio del Tiempo&#8221;) y Joaqu\u00edn Oristrell (&#8220;Cu\u00e9ntame c\u00f3mo pas\u00f3&#8221;, &#8220;La Tribu&#8221;) son los creadores.<\/p>\n<p>SINOPSIS:<br \/>\n<strong>La \u00faltima<\/strong>, un retrato generacional sobre la madurez, la lucha por abrirse camino, el amor, la complicidad y el poder de la amistad, cuenta la historia de Candela (Aitana Oca\u00f1a), una chica que trabaja en una empresa de log\u00edstica mientras persigue su sue\u00f1o de convertirse en cantante. Su vida cambia cuando un ejecutivo de una discogr\u00e1fica multinacional la escucha cantar en un bar. Esa misma noche, Candela se reencuentra con Diego (Miguel Bernardeau), un antiguo compa\u00f1ero de su instituto que lucha por ser boxeador profesional. Este es el punto de partida de <strong>La \u00faltima<\/strong>, una historia de superaci\u00f3n, decepci\u00f3n, ilusi\u00f3n, valent\u00eda y empoderamiento. <\/p>\n","protected":false},"excerpt":{"rendered":"<p>\u00a9 Federico Calvo Despu\u00e9s de tres meses de rodaje en Madrid y Valencia, ha finalizado la grabaci\u00f3n de La \u00daltima, la primera producci\u00f3n original de Disney+ en Espa\u00f1a. La serie, protagonizada por Miguel Bernardeau (&#8220;Josefina&#8221;, &#8220;\u00c9lite&#8221;, &#8220;Todo lo otro&#8221;) y Aitana Oca\u00f1a, (Formentera, Mon Amour Remix, En El Coche), el fen\u00f3meno musical del momento y la artista pop m\u00e1s importante del pa\u00eds en su primer trabajo como actriz, llegar\u00e1 en exclusiva a Disney+ pr\u00f3ximamente. Adem\u00e1s de los protagonistas han participado en \u201cLa \u00daltima\u201d: Aitor Luna (&#8220;Los hombres de Paco&#8221;, &#8220;Velvet&#8221;, &#8220;La catedral del mar&#8221;, &#8220;Valeria&#8221;), Luis Zahera (ganador del Goya a Mejor Actor de Reparto por &#8220;El reino&#8221;), Jorge Motos (nominado al Goya a Mejor Actor Revelaci\u00f3n por &#8220;Lucas&#8221;), \u00d3scar de la Fuente (nominado al Goya a Mejor Actor Revelaci\u00f3n por &#8220;El buen patr\u00f3n&#8221;), Esther Ortega (&#8220;Desaparecida&#8221;, &#8220;Cu\u00e9ntame c\u00f3mo paso&#8221;, &#8220;Madres&#8221;), Jorge Perugorr\u00eda (protagonista de &#8220;Fresa y chocolate&#8221;, y reconocido<\/p>\n","protected":false},"author":2,"featured_media":7176,"comment_status":"closed","ping_status":"closed","sticky":false,"template":"","format":"standard","meta":{"footnotes":""},"categories":[64],"tags":[],"class_list":["post-7175","post","type-post","status-publish","format-standard","has-post-thumbnail","hentry","category-news"],"_links":{"self":[{"href":"https:\/\/ellascomunicacion.com\/en\/wp-json\/wp\/v2\/posts\/7175","targetHints":{"allow":["GET"]}}],"collection":[{"href":"https:\/\/ellascomunicacion.com\/en\/wp-json\/wp\/v2\/posts"}],"about":[{"href":"https:\/\/ellascomunicacion.com\/en\/wp-json\/wp\/v2\/types\/post"}],"author":[{"embeddable":true,"href":"https:\/\/ellascomunicacion.com\/en\/wp-json\/wp\/v2\/users\/2"}],"replies":[{"embeddable":true,"href":"https:\/\/ellascomunicacion.com\/en\/wp-json\/wp\/v2\/comments?post=7175"}],"version-history":[{"count":1,"href":"https:\/\/ellascomunicacion.com\/en\/wp-json\/wp\/v2\/posts\/7175\/revisions"}],"predecessor-version":[{"id":7178,"href":"https:\/\/ellascomunicacion.com\/en\/wp-json\/wp\/v2\/posts\/7175\/revisions\/7178"}],"wp:featuredmedia":[{"embeddable":true,"href":"https:\/\/ellascomunicacion.com\/en\/wp-json\/wp\/v2\/media\/7176"}],"wp:attachment":[{"href":"https:\/\/ellascomunicacion.com\/en\/wp-json\/wp\/v2\/media?parent=7175"}],"wp:term":[{"taxonomy":"category","embeddable":true,"href":"https:\/\/ellascomunicacion.com\/en\/wp-json\/wp\/v2\/categories?post=7175"},{"taxonomy":"post_tag","embeddable":true,"href":"https:\/\/ellascomunicacion.com\/en\/wp-json\/wp\/v2\/tags?post=7175"}],"curies":[{"name":"wp","href":"https:\/\/api.w.org\/{rel}","templated":true}]}}