{"id":7044,"date":"2022-02-01T17:03:48","date_gmt":"2022-02-01T17:03:48","guid":{"rendered":"https:\/\/ellascomunicacion.com\/aitana-ocana-y-miguel-bernardeau-protagonizan-la-nueva-serie-original-de-disney-la-ultima"},"modified":"2022-02-01T17:05:30","modified_gmt":"2022-02-01T17:05:30","slug":"aitana-ocana-y-miguel-bernardeau-protagonizan-la-nueva-serie-original-de-disney-la-ultima","status":"publish","type":"post","link":"https:\/\/ellascomunicacion.com\/en\/aitana-ocana-y-miguel-bernardeau-protagonizan-la-nueva-serie-original-de-disney-la-ultima","title":{"rendered":"Aitana Oca\u00f1a y Miguel Bernardeau protagonizan la nueva serie original de Disney+: &#8220;La \u00daltima&#8221;"},"content":{"rendered":"<p>Foto: \u00a9 Federico Calvo<\/p>\n<p>Madrid, 1 de febrero de 2022.- Disney+ ha anunciado hoy el comienzo del rodaje de <strong>La \u00daltima<\/strong>, la primera producci\u00f3n original de Disney+ Espa\u00f1a que llegar\u00e1 al servicio de streaming. La serie est\u00e1 protagonizada por Aitana Oca\u00f1a en su primer trabajo como actriz, y Miguel Bernardeau (&#8220;Josefina&#8221;, &#8220;\u00c9lite&#8221;, &#8220;Todo Lo Otro&#8221;), y llegar\u00e1 en exclusiva a Disney+. <\/p>\n<p><strong>La \u00daltima<\/strong> es un retrato generacional sobre la madurez, la lucha por abrirse camino, el amor, la complicidad, y el poder de la amistad. Es la historia de Candela (Aitana Oca\u00f1a), una chica que trabaja en una empresa de log\u00edstica mientras persigue su sue\u00f1o de convertirse en cantante. Su vida cambia una noche cuando un ejecutivo de una discogr\u00e1fica multinacional la escucha cantar en un bar. Esa misma noche, Candela se reencuentra con Diego (Miguel Bernardeau), un antiguo compa\u00f1ero de su instituto que lucha por ser boxeador profesional. Aqu\u00ed comienza <strong>La \u00daltima<\/strong>, una historia de superaci\u00f3n, decepci\u00f3n, ilusi\u00f3n, valent\u00eda y empoderamiento.<\/p>\n<p>La producci\u00f3n de <strong>La \u00daltima<\/strong>, que contar\u00e1 con 5 episodios, ha sido encargada a Grupo Ganga, creadores de \u201cCu\u00e9ntame c\u00f3mo pas\u00f3\u201d, la serie espa\u00f1ola m\u00e1s longeva y premiada de la televisi\u00f3n espa\u00f1ola y nominada al premio Emmy como Mejor Serie Internacional (2003). <\/p>\n<p>La nueva serie original de Disney+ estar\u00e1 dirigida por Eduard Cort\u00e9s (\u201cMerl\u00ed\u201d) y Abigail Schaaff (\u201cEl Ministerio del Tiempo\u201d). Ana\u00efs Schaaff (\u201cIsabel\u201d, \u201cEl Ministerio del Tiempo\u201d), Jordi Calaf\u00ed (\u201cMalaka\u201d, \u201cEl Ministerio del Tiempo\u201d) y Joaqu\u00edn Oristrell (\u201cCu\u00e9ntame\u201d, \u201cLa Tribu\u201d) son los creadores.<\/p>\n<p>Sof\u00eda F\u00e1bregas, vicepresidenta de producci\u00f3n original de Disney+ en Espa\u00f1a, ha afirmado: \u201c<strong>La \u00daltima<\/strong><em> refuerza el ambicioso proyecto de la producci\u00f3n original de Disney+ en nuestro pa\u00eds. Hemos reunido a un potente equipo creativo y art\u00edstico para contar una historia que sabemos que conectar\u00e1 con espectadores tanto de nuestro pa\u00eds como del resto del mundo\u201d. \u201cAdem\u00e1s\u201d contin\u00faa F\u00e1bregas, \u201cpoder contar con el talento de Aitana Oca\u00f1a y Miguel Bernardeau, ambos iconos generacionales con un gran prestigio en sus \u00e1mbitos profesionales, es un aut\u00e9ntico privilegio que estamos seguros de que elevar\u00e1 a \u201cLa \u00daltima\u201d a la categor\u00eda de fen\u00f3meno, con un incre\u00edble impacto a nivel internacional<\/em>.\u201d<\/p>\n<p>Aitana es el fen\u00f3meno musical del momento. Fue la artista espa\u00f1ola m\u00e1s escuchada en Spotify en 2021, acumulando m\u00e1s de 100 millones de reproducciones globales, y ha recibido prestigiosos galardones nacionales e internacionales a nivel discogr\u00e1fico y por sus actuaciones en directo. <\/p>\n<p>Aitana ha asegurado: \u201c<em>Este ser\u00e1 el primer proyecto del que formo parte como actriz, me siento muy entusiasmada y con muchas ganas, voy a dar el m\u00e1ximo. Estoy muy feliz tambi\u00e9n de poder aportar parte de mi mundo musical a la serie, y de poder compartir esta experiencia \u00fanica con un equipo de personas maravillosas<\/em>\u201d.<\/p>\n<p>Miguel Bernardeau es un actor espa\u00f1ol conocido internacionalmente por su papel de Guzm\u00e1n en la serie de \u201c\u00c9lite\u201d (Netflix). Recientemente ha estrenado la serie \u201cTodo lo otro\u201d (HBO Max), y tiene pendiente el estreno de \u201c1899\u201d, la nueva serie de los creadores de &#8220;Dark&#8221; (Netflix). En cines, ha participado en pel\u00edculas como \u201cOla de cr\u00edmenes\u201d, de la directora Gracia Querejeta, \u201cEs por tu bien\u201d, de Carlos Ther\u00f3n, y \u201cJosefina\u201d, de Javier Marco.<\/p>\n<p>Por su parte, Miguel Bernardeau ha dicho: \u201c<em>Estoy muy orgulloso de formar parte de este proyecto y de trabajar con personas a las que admiro y respeto. El universo que estamos creando tiene algo muy especial y el equipo se est\u00e1 dejando la piel para que sea espectacular. Estoy deseando comenzar el rodaje para darle vida a Diego<\/em>\u201d. <\/p>\n","protected":false},"excerpt":{"rendered":"<p>Foto: \u00a9 Federico Calvo Madrid, 1 de febrero de 2022.- Disney+ ha anunciado hoy el comienzo del rodaje de La \u00daltima, la primera producci\u00f3n original de Disney+ Espa\u00f1a que llegar\u00e1 al servicio de streaming. La serie est\u00e1 protagonizada por Aitana Oca\u00f1a en su primer trabajo como actriz, y Miguel Bernardeau (&#8220;Josefina&#8221;, &#8220;\u00c9lite&#8221;, &#8220;Todo Lo Otro&#8221;), y llegar\u00e1 en exclusiva a Disney+. La \u00daltima es un retrato generacional sobre la madurez, la lucha por abrirse camino, el amor, la complicidad, y el poder de la amistad. Es la historia de Candela (Aitana Oca\u00f1a), una chica que trabaja en una empresa de log\u00edstica mientras persigue su sue\u00f1o de convertirse en cantante. Su vida cambia una noche cuando un ejecutivo de una discogr\u00e1fica multinacional la escucha cantar en un bar. Esa misma noche, Candela se reencuentra con Diego (Miguel Bernardeau), un antiguo compa\u00f1ero de su instituto que lucha por ser boxeador profesional. Aqu\u00ed<\/p>\n","protected":false},"author":2,"featured_media":7042,"comment_status":"closed","ping_status":"closed","sticky":false,"template":"","format":"standard","meta":{"footnotes":""},"categories":[64],"tags":[],"class_list":["post-7044","post","type-post","status-publish","format-standard","has-post-thumbnail","hentry","category-news"],"_links":{"self":[{"href":"https:\/\/ellascomunicacion.com\/en\/wp-json\/wp\/v2\/posts\/7044","targetHints":{"allow":["GET"]}}],"collection":[{"href":"https:\/\/ellascomunicacion.com\/en\/wp-json\/wp\/v2\/posts"}],"about":[{"href":"https:\/\/ellascomunicacion.com\/en\/wp-json\/wp\/v2\/types\/post"}],"author":[{"embeddable":true,"href":"https:\/\/ellascomunicacion.com\/en\/wp-json\/wp\/v2\/users\/2"}],"replies":[{"embeddable":true,"href":"https:\/\/ellascomunicacion.com\/en\/wp-json\/wp\/v2\/comments?post=7044"}],"version-history":[{"count":1,"href":"https:\/\/ellascomunicacion.com\/en\/wp-json\/wp\/v2\/posts\/7044\/revisions"}],"predecessor-version":[{"id":7045,"href":"https:\/\/ellascomunicacion.com\/en\/wp-json\/wp\/v2\/posts\/7044\/revisions\/7045"}],"wp:featuredmedia":[{"embeddable":true,"href":"https:\/\/ellascomunicacion.com\/en\/wp-json\/wp\/v2\/media\/7042"}],"wp:attachment":[{"href":"https:\/\/ellascomunicacion.com\/en\/wp-json\/wp\/v2\/media?parent=7044"}],"wp:term":[{"taxonomy":"category","embeddable":true,"href":"https:\/\/ellascomunicacion.com\/en\/wp-json\/wp\/v2\/categories?post=7044"},{"taxonomy":"post_tag","embeddable":true,"href":"https:\/\/ellascomunicacion.com\/en\/wp-json\/wp\/v2\/tags?post=7044"}],"curies":[{"name":"wp","href":"https:\/\/api.w.org\/{rel}","templated":true}]}}