{"id":6893,"date":"2021-09-29T09:49:54","date_gmt":"2021-09-29T09:49:54","guid":{"rendered":"https:\/\/ellascomunicacion.com\/rodrigo-sorogoyen-rueda-as-bestas"},"modified":"2021-09-29T09:51:05","modified_gmt":"2021-09-29T09:51:05","slug":"rodrigo-sorogoyen-rueda-as-bestas","status":"publish","type":"post","link":"https:\/\/ellascomunicacion.com\/en\/rodrigo-sorogoyen-rueda-as-bestas","title":{"rendered":"Rodrigo Sorogoyen rueda &#8220;As Bestas&#8221;"},"content":{"rendered":"<p>Foto: \u00a9 Luc\u00eda Faraig<\/p>\n<p>28 de septiembre de 2021- Ya est\u00e1 en marcha el rodaje de <strong>As Bestas<\/strong>, un thriller dirigido por RODRIGO SOROGOYEN que transcurre en escenarios naturales del interior rural gallego y el Bierzo.<\/p>\n<p>El ritmo impuesto por la estructura del guion hace que la producci\u00f3n de <strong>As Bestas<\/strong> est\u00e9 al servicio de la historia: un rodaje de 9 semanas dividido en dos partes; una primera que arranc\u00f3 el pasado 16 de septiembre y durante cuatro semanas mostrar\u00e1 el final del verano, un lugar hermoso y acogedor, perfecto para el retiro, lleno de zonas verdes, y bosques frondosos, y una segunda parte que obliga, en t\u00e9rminos de producci\u00f3n, a esperar al invierno para mostrar c\u00f3mo un paraje apabullante puede volverse oscuro, fr\u00edo y, en ocasiones, hostil.<\/p>\n<p>\u201c<em>Pensando en qu\u00e9 es lo que m\u00e1s resaltar\u00eda de este rodaje, a d\u00eda hoy, dir\u00eda que es la inmersi\u00f3n en el entorno<\/em>&#8220;, en palabras de Rodrigo sobre el rodaje de <strong>As Bestas<\/strong>. &#8220;<em>Est\u00e1 siendo una experiencia bonita y a la vez bestial, radical, como no puede ser de otra manera rodando en plena naturaleza.<br \/>\nEstamos viviendo c\u00f3mo se vive aqu\u00ed, en El Bierzo, porque vivimos aqu\u00ed: con fr\u00edo, cambios radicales de climatolog\u00eda; tormenta torrencial para despu\u00e9s abrir y quedarse un d\u00eda precioso.<br \/>\nLa naturaleza puede ser arrasadora y al mismo tiempo bell\u00edsima.<br \/>\nAl habitar durante unos meses juntos, el equipo experimenta una comuni\u00f3n especial y creo que eso se va a notar en la peli.<br \/>\nLa dureza de las condiciones y la convivencia en entornos extraordinarios unen mucho. Siempre he estado convencido de que un equipo unido, contando la misma historia, hace que se cuente mejor esa historia que se quiere y se tiene que contar.<br \/>\nEstoy seguro que todo esto est\u00e1 determinado y acabar\u00e1 determinando tanto la pel\u00edcula como la historia. Porque las pel\u00edculas al igual que la naturaleza son fuerzas vivas, son cambiantes y es mejor fluir con ellas, intentar escucharlas, en vez de ponerles l\u00edmites<\/em>\u201d.<\/p>\n<p>Sorogoyen es uno de los directores m\u00e1s reconocidos de nuestro pa\u00eds, ha recibido premios tan importantes como el Goya a mejor director por \u201cEl reino\u201d y la Concha de Plata a mejor guion en 2016, junto a Isabel Pe\u00f1a, por \u201cQue Dios nos perdone\u201d, y fue nominado al Oscar\u00ae por el cortometraje \u201cMadre\u201d en 2019. Su debut televisivo en 2020 con la serie \u201cAntidisturbios\u201d, de la que tambi\u00e9n es creador junto a Isabel Pe\u00f1a, obtuvo numerosos reconocimientos, entre los que se encuentran dos Premios Forqu\u00e9, a la mejor serie y al mejor actor, y los reconocimientos como mejor serie dram\u00e1tica, mejor actor protagonista y mejor actor de reparto en los Premios Feroz.<\/p>\n<p>Isabel Pe\u00f1a (ganadora de la Concha de Plata a Mejor Guion por \u201cQue Dios nos perdone\u201d y coguionista de \u201cMadre\u201d, \u201cQue Dios nos perdone\u201d y \u201cStockholm\u201d) firma, junto al propio Sorogoyen, el guion de \u2018AS BESTAS\u2019, un thriller ambientado en una zona rural donde la violencia y el miedo sobrevuelan esta historia, donde los paisajes funcionan como marco grandioso, como elemento hostil, y tambi\u00e9n como reflejo de lo salvaje frente a lo civilizado.<\/p>\n<p>Este regreso al thriller de Sorogoyen -quinto largometraje de su filmograf\u00eda- est\u00e1 producido por ARCADIA MOTION PICTURES, CABALLO FILMS y CRONOS ENTERTAINMENT en coproducci\u00f3n con LE PACTE, y cuenta con la participaci\u00f3n de RTVE, Movistar+, Canal+ y Cine+,  el apoyo de Eurimages, y la financiaci\u00f3n del ICAA.<br \/>\nSer\u00e1 distribuido en Espa\u00f1a por A Contracorriente Films y de las ventas internacionales se encargar\u00e1 Latido Films. <\/p>\n<p>El reparto de este filme, rodado en franc\u00e9s, castellano y gallego, est\u00e1 compuesto por un reparto nacional e internacional, con actores de la talla de DENIS MENOCHET (\u201cLa cr\u00f3nica francesa\u201d, de Wes Anderson, \u201cThe Mauritanian\u201d, de Kevin Macdonald, \u201cSolo las bestias\u201d, de Dominik Doll, \u201cGracias a Dios\u201d de Fran\u00e7ois Ozon, por la que estuvo nominado al Cesar a Mejor Actor de Reparto, \u201cCustodia compartida\u201d de Xavier Legrande, que le vali\u00f3 una nominaci\u00f3n al Cesar a Mejor Actor, o \u201cInglourious Bastards\u201d de QuentinTarantino), MARINA FO\u00cfS (\u201cEl taller de escritura\u201d, de Laurent Cantet por la que estuvo nominada al Cesar a Mejor Actriz,  \u201cIrr\u00e9prochable\u201d de S\u00e9bastien Marnier, nominada al Premio C\u00e9sar a mejor actriz, \u201cPolisse\u201d de Ma\u00efwenn,  tambi\u00e9n le vali\u00f3 una nominaci\u00f3n al Cesar a Mejor Actriz), LUIS ZAHERA (\u201cMientras dure la guerra\u201d, de Alejandro Amen\u00e1bar, \u201cQue Dios nos perdone\u201d y \u201cEl reino\u201d, por la que obtuvo un premio Goya a Mejor Actor de reparto, ambas dirigidas por Rodrigo Sorogoyen) y DIEGO ANIDO (\u201cTrote\u201d, \u201cOns\u201d,  \u201cPedro e o Capitan\u201d, y la obra de teatro \u201cEl Aleman\u201d, con amplia trayectoria como artista esc\u00e9nico). A este reparto de primer nivel se une el reto de trabajar con actores no profesionales de la zona rural. <\/p>\n<p>En palabras del director: \u201c<em><strong>As Bestas<\/strong> ser\u00e1 mi pel\u00edcula m\u00e1s ambiciosa en todos los sentidos, tanto formal y tem\u00e1ticamente, como en cuanto a dise\u00f1o de producci\u00f3n<\/em>\u201d. Por ello, en el apartado t\u00e9cnico, contar\u00e1 con su habitual equipo de colaboradores, profesionales con una brillante trayectoria cinematogr\u00e1fica y numerosas nominaciones. Una larga lista en la que destacan el director de fotograf\u00eda Alex de Pablo (nominado a mejor direcci\u00f3n de fotograf\u00eda en 2019 por \u201cEl reino\u201d), Olivier Arson (Goya a mejor m\u00fasica original en 2019 por \u201cEl reino\u201d) en la composici\u00f3n musical; el director de sonido es Aitor Berenguer (Goya a mejor sonido en 2018 por \u2018Ver\u00f3nica\u2019), y Alberto del Campo (Goya a mejor montaje y Premio Platino en 2019 por \u201cEl reino\u201d) en montaje.<\/p>\n<p>Sinopsis:<br \/>\nAntoine y Olga son una pareja francesa que se instal\u00f3 hace tiempo en una aldea del interior de Galicia. All\u00ed llevan una vida tranquila, aunque su convivencia con los lugare\u00f1os no es tan id\u00edlica como desear\u00edan. Un conflicto con sus vecinos, los hermanos Anta, har\u00e1 que la tensi\u00f3n crezca en la aldea hasta alcanzar un punto de no retorno. <\/p>\n","protected":false},"excerpt":{"rendered":"<p>Foto: \u00a9 Luc\u00eda Faraig 28 de septiembre de 2021- Ya est\u00e1 en marcha el rodaje de As Bestas, un thriller dirigido por RODRIGO SOROGOYEN que transcurre en escenarios naturales del interior rural gallego y el Bierzo. El ritmo impuesto por la estructura del guion hace que la producci\u00f3n de As Bestas est\u00e9 al servicio de la historia: un rodaje de 9 semanas dividido en dos partes; una primera que arranc\u00f3 el pasado 16 de septiembre y durante cuatro semanas mostrar\u00e1 el final del verano, un lugar hermoso y acogedor, perfecto para el retiro, lleno de zonas verdes, y bosques frondosos, y una segunda parte que obliga, en t\u00e9rminos de producci\u00f3n, a esperar al invierno para mostrar c\u00f3mo un paraje apabullante puede volverse oscuro, fr\u00edo y, en ocasiones, hostil. \u201cPensando en qu\u00e9 es lo que m\u00e1s resaltar\u00eda de este rodaje, a d\u00eda hoy, dir\u00eda que es la inmersi\u00f3n en el entorno&#8220;,<\/p>\n","protected":false},"author":2,"featured_media":6891,"comment_status":"closed","ping_status":"closed","sticky":false,"template":"","format":"standard","meta":{"footnotes":""},"categories":[64],"tags":[],"class_list":["post-6893","post","type-post","status-publish","format-standard","has-post-thumbnail","hentry","category-news"],"_links":{"self":[{"href":"https:\/\/ellascomunicacion.com\/en\/wp-json\/wp\/v2\/posts\/6893","targetHints":{"allow":["GET"]}}],"collection":[{"href":"https:\/\/ellascomunicacion.com\/en\/wp-json\/wp\/v2\/posts"}],"about":[{"href":"https:\/\/ellascomunicacion.com\/en\/wp-json\/wp\/v2\/types\/post"}],"author":[{"embeddable":true,"href":"https:\/\/ellascomunicacion.com\/en\/wp-json\/wp\/v2\/users\/2"}],"replies":[{"embeddable":true,"href":"https:\/\/ellascomunicacion.com\/en\/wp-json\/wp\/v2\/comments?post=6893"}],"version-history":[{"count":1,"href":"https:\/\/ellascomunicacion.com\/en\/wp-json\/wp\/v2\/posts\/6893\/revisions"}],"predecessor-version":[{"id":6894,"href":"https:\/\/ellascomunicacion.com\/en\/wp-json\/wp\/v2\/posts\/6893\/revisions\/6894"}],"wp:featuredmedia":[{"embeddable":true,"href":"https:\/\/ellascomunicacion.com\/en\/wp-json\/wp\/v2\/media\/6891"}],"wp:attachment":[{"href":"https:\/\/ellascomunicacion.com\/en\/wp-json\/wp\/v2\/media?parent=6893"}],"wp:term":[{"taxonomy":"category","embeddable":true,"href":"https:\/\/ellascomunicacion.com\/en\/wp-json\/wp\/v2\/categories?post=6893"},{"taxonomy":"post_tag","embeddable":true,"href":"https:\/\/ellascomunicacion.com\/en\/wp-json\/wp\/v2\/tags?post=6893"}],"curies":[{"name":"wp","href":"https:\/\/api.w.org\/{rel}","templated":true}]}}