{"id":6850,"date":"2021-07-30T09:11:50","date_gmt":"2021-07-30T09:11:50","guid":{"rendered":"https:\/\/ellascomunicacion.com\/?p=6850"},"modified":"2021-07-30T10:48:53","modified_gmt":"2021-07-30T10:48:53","slug":"el-buen-patron-de-leon-de-aranoa-participara-en-la-seccion-oficial-del-festival-internacional-de-cine-de-san-sebastian","status":"publish","type":"post","link":"https:\/\/ellascomunicacion.com\/en\/el-buen-patron-de-leon-de-aranoa-participara-en-la-seccion-oficial-del-festival-internacional-de-cine-de-san-sebastian","title":{"rendered":"&#8220;El buen patr\u00f3n&#8221; de Le\u00f3n de Aranoa participar\u00e1 en la Secci\u00f3n Oficial del Festival Internacional de Cine de San Sebasti\u00e1n"},"content":{"rendered":"<p>\u00a9 Fernando Marrero<\/p>\n<p>El Festival Internacional de Cine de San Sebasti\u00e1n acoger\u00e1 el estreno mundial de <strong>El buen Patr\u00f3n<\/strong>, la nueva pel\u00edcula de Fernando Le\u00f3n de Aranoa producida por Reposado P.C. y The Mediapro Studio y que cuenta con la participaci\u00f3n de RTVE, TV3 y ORANGE.<\/p>\n<p>La pel\u00edcula competir\u00e1 en la Secci\u00f3n Oficial de la 69 edici\u00f3n del certamen, que se celebrar\u00e1 del 17 al 25 de septiembre y en el que Le\u00f3n de Aranoa ha logrado la Concha de Oro por \u201cLos lunes al sol\u201d y la Concha de Plata a la Mejor Direcci\u00f3n por \u201cBarrio\u201d.<\/p>\n<p>El estreno en Espa\u00f1a tendr\u00e1 lugar el 15 DE OCTUBRE distribuida por Tripictures y MK2 Films es responsable de las ventas internacionales de la pel\u00edcula.<\/p>\n<p><strong>El buen patr\u00f3n<\/strong> supone el reencuentro 19 a\u00f1os despu\u00e9s del equipo que hizo posible \u201cLos Lunes al Sol\u201d: su director y guionista Fernando Le\u00f3n de Aranoa; su protagonista, Javier Bardem, y su productor Jaume Roures, responsables del \u00e9xito del filme merecedor de la mencionada Concha de Oro y numerosos galardones, entre los que se encuentran 5 Premios Goya, incluyendo Mejor Pel\u00edcula, Mejor Director y Mejor Actor para Bardem. <\/p>\n<p>Ambientada tambi\u00e9n en el mundo de las relaciones laborales, en esta ocasi\u00f3n <strong>El buen patr\u00f3n<\/strong> se presenta como el contraplano de \u201cLos lunes al sol\u201d: una feroz y divertida s\u00e1tira protagonizada por el due\u00f1o de una empresa familiar, al que da vida Javier Bardem.<\/p>\n<p>\u201cPresent\u00e9 en el Festival de San Sebasti\u00e1n mis pel\u00edculas \u201cBarrio\u201d y \u201cLos lunes al sol\u201d; fueron premiadas las dos, a la mejor direcci\u00f3n y a la mejor pel\u00edcula. Regresar con \u201cEl buen patr\u00f3n\u201d significa regresar a un lugar muy querido, lleno de buenos recuerdos. Con un relato coral sobre las relaciones laborales, atravesado por la seductora personalidad de su protagonista, un personaje carism\u00e1tico al que interpreta otra vez Javier Bardem, y acompa\u00f1ado de nuevo por Jaume Roures\u201d, ha dicho Fernando Le\u00f3n de Aranoa, escritor y director de la pel\u00edcula.  <\/p>\n<p>\u201cCon \u201cLos lunes al sol\u201d, la primera colaboraci\u00f3n con Javier y Fernando, conseguimos nuestro primer gran premio con la Concha de Oro a la mejor pel\u00edcula. Despu\u00e9s han venido muchas pel\u00edculas, m\u00e1s premios y el reconocimiento del p\u00fablico y es evidente que volver los tres a San Sebastian con \u201cEl Buen Patr\u00f3n\u201d tiene un significado muy especial\u201d, ha comentado Jaume Roures, co-Presidente de The Mediapro Studio y Productor de la pel\u00edcula.<\/p>\n<p>Acompa\u00f1a a Bardem un extenso reparto en el que destacan nombres como Manolo Solo (\u201cTarde para la ira\u201d \u2013 Mejor Actor de Reparto, \u201cLa isla m\u00ednima\u201d, \u201cLa Peste\u201d), Almudena Amor (\u201cLa abuela\u201d), \u00d3scar de la Fuente (\u201cEl silencio del pantano\u201d, \u201cEl reino\u201d, \u201cLa Valla\u201d), Sonia Almarcha (\u201cVer\u00f3nica\u201d, \u201cEl Reino\u201d, \u201cAmador\u201d), Fernando Albizu (\u201c70 Binladens\u201d, \u201cGordos\u201d, \u201cWhite Lines\u201d), Tarik Rmili (\u201cLa Unidad\u201d, \u201cLa v\u00edctima n\u00famero 8\u201d), Rafa Castej\u00f3n (\u201cCuento de verano\u201d, \u201cSilencio en la nieve\u201d), Celso Bugallo (\u201cMar adentro\u201d, \u201cLos lunes al sol\u201d), Mart\u00edn P\u00e1ez y Yael Belicha (\u201cVamos Juan\u201d, \u201cVota a Juan\u201d).<\/p>\n<p><strong>El buen patr\u00f3n<\/strong> es la d\u00e9cima pel\u00edcula como director de Fernando Le\u00f3n de Aranoa, la quinta que produce conjuntamente con su compa\u00f1\u00eda Reposado P.C. y The Mediapro Studio tras \u201cPrincesas\u201d (2005) (3 premios Goya, incluyendo Mejor Actriz para Candela Pe\u00f1a), \u201cAmador\u201d (2010), el documental \u201cPol\u00edtica, Manual de Instrucciones\u201d (2016) y \u201cUn d\u00eda perfecto\u201d (2015), protagonizada por Benicio Del Toro y Tim Robbins, ganadora de un Premio Goya al Mejor Guion Adaptado para Le\u00f3n de Aranoa. Tambi\u00e9n es su tercera colaboraci\u00f3n junto a Javier Bardem tras \u201cLos lunes al sol\u201d y \u201cLoving Pablo\u201d (Secci\u00f3n Oficial Venecia 2017). <\/p>\n<p>Sinopsis:<br \/>\nB\u00e1sculas Blanco, una empresa de producci\u00f3n de balanzas industriales en una ciudad de provincias, aguarda la visita de una comisi\u00f3n de la que depende la obtenci\u00f3n de un premio local a la Excelencia Empresarial: las cosas deben ser perfectas para ese momento. Sin embargo, todo parece confabularse en contra. En el poco tiempo del que dispone, Blanco (Bardem) intenta devolver a su empresa el equilibrio perdido: trata de resolver los problemas de sus empleados, cruzando para ello todas las l\u00edneas imaginables. <\/p>\n","protected":false},"excerpt":{"rendered":"<p>\u00a9 Fernando Marrero El Festival Internacional de Cine de San Sebasti\u00e1n acoger\u00e1 el estreno mundial de El buen Patr\u00f3n, la nueva pel\u00edcula de Fernando Le\u00f3n de Aranoa producida por Reposado P.C. y The Mediapro Studio y que cuenta con la participaci\u00f3n de RTVE, TV3 y ORANGE. La pel\u00edcula competir\u00e1 en la Secci\u00f3n Oficial de la 69 edici\u00f3n del certamen, que se celebrar\u00e1 del 17 al 25 de septiembre y en el que Le\u00f3n de Aranoa ha logrado la Concha de Oro por \u201cLos lunes al sol\u201d y la Concha de Plata a la Mejor Direcci\u00f3n por \u201cBarrio\u201d. El estreno en Espa\u00f1a tendr\u00e1 lugar el 15 DE OCTUBRE distribuida por Tripictures y MK2 Films es responsable de las ventas internacionales de la pel\u00edcula. El buen patr\u00f3n supone el reencuentro 19 a\u00f1os despu\u00e9s del equipo que hizo posible \u201cLos Lunes al Sol\u201d: su director y guionista Fernando Le\u00f3n de Aranoa; su protagonista,<\/p>\n","protected":false},"author":2,"featured_media":6854,"comment_status":"closed","ping_status":"closed","sticky":false,"template":"","format":"video","meta":{"footnotes":""},"categories":[70,64],"tags":[],"class_list":["post-6850","post","type-post","status-publish","format-video","has-post-thumbnail","hentry","category-blog-en","category-news","post_format-post-format-video"],"_links":{"self":[{"href":"https:\/\/ellascomunicacion.com\/en\/wp-json\/wp\/v2\/posts\/6850","targetHints":{"allow":["GET"]}}],"collection":[{"href":"https:\/\/ellascomunicacion.com\/en\/wp-json\/wp\/v2\/posts"}],"about":[{"href":"https:\/\/ellascomunicacion.com\/en\/wp-json\/wp\/v2\/types\/post"}],"author":[{"embeddable":true,"href":"https:\/\/ellascomunicacion.com\/en\/wp-json\/wp\/v2\/users\/2"}],"replies":[{"embeddable":true,"href":"https:\/\/ellascomunicacion.com\/en\/wp-json\/wp\/v2\/comments?post=6850"}],"version-history":[{"count":1,"href":"https:\/\/ellascomunicacion.com\/en\/wp-json\/wp\/v2\/posts\/6850\/revisions"}],"predecessor-version":[{"id":6851,"href":"https:\/\/ellascomunicacion.com\/en\/wp-json\/wp\/v2\/posts\/6850\/revisions\/6851"}],"wp:featuredmedia":[{"embeddable":true,"href":"https:\/\/ellascomunicacion.com\/en\/wp-json\/wp\/v2\/media\/6854"}],"wp:attachment":[{"href":"https:\/\/ellascomunicacion.com\/en\/wp-json\/wp\/v2\/media?parent=6850"}],"wp:term":[{"taxonomy":"category","embeddable":true,"href":"https:\/\/ellascomunicacion.com\/en\/wp-json\/wp\/v2\/categories?post=6850"},{"taxonomy":"post_tag","embeddable":true,"href":"https:\/\/ellascomunicacion.com\/en\/wp-json\/wp\/v2\/tags?post=6850"}],"curies":[{"name":"wp","href":"https:\/\/api.w.org\/{rel}","templated":true}]}}