{"id":6838,"date":"2021-07-29T08:03:18","date_gmt":"2021-07-29T08:03:18","guid":{"rendered":"https:\/\/ellascomunicacion.com\/?p=6838"},"modified":"2021-07-29T08:07:49","modified_gmt":"2021-07-29T08:07:49","slug":"carlota-pereda-finaliza-en-extremadura-el-rodaje-de-su-opera-prima-cerdita","status":"publish","type":"post","link":"https:\/\/ellascomunicacion.com\/en\/carlota-pereda-finaliza-en-extremadura-el-rodaje-de-su-opera-prima-cerdita","title":{"rendered":"Carlota Pereda finaliza en Extremadura el rodaje de su \u00f3pera prima &#8220;Cerdita&#8221;"},"content":{"rendered":"<p>Foto: \u00a9 Jorge Fuembuena<\/p>\n<p>Carlota Pereda termina el rodaje de su primera pel\u00edcula, <strong>Cerdita<\/strong>, que ha sido incluida por Variety en el Spanish Spotlight de Cannes. Asimismo, Pereda ha sido incluida por la prestigiosa publicaci\u00f3n en su TOP 10, ranking de 10 directoras y productoras a las que no perder de vista.<\/p>\n<p><strong>Cerdita<\/strong>, pel\u00edcula que tambi\u00e9n escribe la realizadora, se inspira en el corto hom\u00f3nimo que recibi\u00f3 numerosos galardones nacionales e internacionales, entre los que se encuentran los Premios Goya y Jos\u00e9 Mar\u00eda Forqu\u00e9 al Mejor Cortometraje de Ficci\u00f3n, o el prestigioso Slamdance Russo Brothers Fellowship (beca para un cineasta seleccionado por los hermanos Russo, directores de Los Vengadores o Capit\u00e1n Am\u00e9rica, entre otros t\u00edtulos).<\/p>\n<p><strong>Cerdita<\/strong> est\u00e1 protagonizada por Laura Gal\u00e1n (aclamada protagonista del corto \u201cCerdita\u201d; ha participado tambi\u00e9n en pel\u00edculas como \u201cOr\u00edgenes Secretos\u201d y \u201cEl hombre que mato a Don Quijote\u201d o en la serie de TV \u201cCuerpo de \u00c9lite\u201d), Richard Holmes (\u201cHasta el cielo\u201d), Carmen Machi (\u201cNieva en Benidorm\u201d, \u201cLa tribu\u201d, \u201cMi gran noche\u201d, \u201cOcho apellidos vascos\u201d y \u201cOcho apellidos catalanes\u201d, \u201cLa piel que habito\u201d), Claudia Salas (\u201c\u00c9lite\u201d o \u201cLa Peste, la Mano de la Gardu\u00f1a\u201d), Irene Ferreiro (\u201cSkam\u201d), CAMILLE AGUILAR (\u201cMaric\u00f3n perdido\u201d), Jos\u00e9 Pastor (\u201cLa templanza\u201d, \u201cAcacias 38\u201d, \u201cLa otra mirada\u201d), Pilar Castro (\u201cCompetencia Oficial\u201d, \u201cVentajas de viajar en tren\u201d, \u201cJulieta\u201d, \u201cGordos\u201d), Chema del Barco (\u201cEl plan\u201d, \u201cPetra\u201d, \u201cLa casa de papel\u201d), Juli\u00e1n Valc\u00e1rcel (\u201c30 Monedas\u201d, \u201cCaronte\u201d, \u201cLas brujas de Zugarramurdi\u201d) Fernando Delgado-Hierro (\u201cVioleta no coge el ascensor\u201d, \u201cDodos\u201d) y el joven Amets Otxoa.<\/p>\n<p>Este crudo thriller rural lleno de tensi\u00f3n, venganza, miedo, polvo y sudor est\u00e1 producido por Morena Films en coproducci\u00f3n con Backup Studio y Cerdita AIE en asociaci\u00f3n con La Banque Postale e Ind\u00e9films, y cuenta con la participaci\u00f3n de RTVE y Movistar+ y el apoyo de la Junta de Extremadura, Eurimages, Creative Europe -Media Programme of the European Union y la Comunidad de Madrid. <\/p>\n<p>La pel\u00edcula, que comenz\u00f3 su rodaje a mediados de junio en Extremadura y alrededores, ha contado con la localidad de Villanueva de la Vera como unos de sus principales escenarios naturales. Su pueblo y alrededores se han convertido en el plat\u00f3 ideal para rodar este thriller rural descarnado.<\/p>\n<p>Las facilidades dadas por el Equipo de Gobierno del Ayuntamiento de Villanueva de la Vera han ayudado a hacer de este rodaje un modelo de sostenibilidad con el medio ambiente y un proyecto pionero en conciliaci\u00f3n laboral, al haberse podido crear la primera ludoteca en rodaje, Ludoteca \u201cCerdita\u201d, como herramienta de ayuda a la conciliaci\u00f3n familiar en el mundo del cine.<\/p>\n<p>Destacan en el equipo t\u00e9cnico los nombres de Rita Noriega en la direcci\u00f3n de fotograf\u00eda, Sara San Mart\u00edn al frente del equipo de direcci\u00f3n, Clara Salvador como jefa de producci\u00f3n y localizadora, Nicol\u00e1s Mas en sonido, Arantxa Ezquerro como figurinista y Paloma Lozano en maquillaje. Mar\u00eda Soler es la supervisora de producci\u00f3n por parte de Morena Films. \u00d3scar Sempere en la direcci\u00f3n de arte y Olivier Arson se ocupa de la m\u00fasica. El montaje est\u00e1 a cargo de David Peregrin y, al frente de la direcci\u00f3n de producci\u00f3n, est\u00e1 Sara Garc\u00eda.   Al frente del casting han estado Arantza V\u00e9lez y Paula C\u00e1mara. Merry Colomer, productora ejecutiva de Morena Films, lidera este proyecto en el que la mayor\u00eda del equipo son mujeres, tanto en el equipo base como en los puestos de responsabilidad.<\/p>\n<p><strong>Cerdita<\/strong>, proyecto que fue seleccionado por el Festival de Cannes dentro de la iniciativa Focus CoPro y ganador del Pop Up Residency para el desarrollo de largometrajes, ser\u00e1 distribuida en Espa\u00f1a por Filmax. De las ventas internacionales se encargar\u00e1 Charades Films.<\/p>\n<p>SINOPSIS:<\/p>\n<p>Para Sara, el verano solo significa tener que soportar las continuas burlas de las otras chicas de su peque\u00f1o pueblo. Pero todo terminar\u00e1 cuando un desconocido llegue al pueblo y secuestre a sus acosadoras. Sara sabe m\u00e1s de lo que dice, y tendr\u00e1 que decidir entre hablar y salvar a las chicas, o no decir nada para proteger al extra\u00f1o hombre que la ha salvado.<\/p>\n","protected":false},"excerpt":{"rendered":"<p>Foto: \u00a9 Jorge Fuembuena Carlota Pereda termina el rodaje de su primera pel\u00edcula, Cerdita, que ha sido incluida por Variety en el Spanish Spotlight de Cannes. Asimismo, Pereda ha sido incluida por la prestigiosa publicaci\u00f3n en su TOP 10, ranking de 10 directoras y productoras a las que no perder de vista. Cerdita, pel\u00edcula que tambi\u00e9n escribe la realizadora, se inspira en el corto hom\u00f3nimo que recibi\u00f3 numerosos galardones nacionales e internacionales, entre los que se encuentran los Premios Goya y Jos\u00e9 Mar\u00eda Forqu\u00e9 al Mejor Cortometraje de Ficci\u00f3n, o el prestigioso Slamdance Russo Brothers Fellowship (beca para un cineasta seleccionado por los hermanos Russo, directores de Los Vengadores o Capit\u00e1n Am\u00e9rica, entre otros t\u00edtulos). Cerdita est\u00e1 protagonizada por Laura Gal\u00e1n (aclamada protagonista del corto \u201cCerdita\u201d; ha participado tambi\u00e9n en pel\u00edculas como \u201cOr\u00edgenes Secretos\u201d y \u201cEl hombre que mato a Don Quijote\u201d o en la serie de TV \u201cCuerpo de<\/p>\n","protected":false},"author":2,"featured_media":6836,"comment_status":"closed","ping_status":"closed","sticky":false,"template":"","format":"standard","meta":{"footnotes":""},"categories":[70,64],"tags":[],"class_list":["post-6838","post","type-post","status-publish","format-standard","has-post-thumbnail","hentry","category-blog-en","category-news"],"_links":{"self":[{"href":"https:\/\/ellascomunicacion.com\/en\/wp-json\/wp\/v2\/posts\/6838","targetHints":{"allow":["GET"]}}],"collection":[{"href":"https:\/\/ellascomunicacion.com\/en\/wp-json\/wp\/v2\/posts"}],"about":[{"href":"https:\/\/ellascomunicacion.com\/en\/wp-json\/wp\/v2\/types\/post"}],"author":[{"embeddable":true,"href":"https:\/\/ellascomunicacion.com\/en\/wp-json\/wp\/v2\/users\/2"}],"replies":[{"embeddable":true,"href":"https:\/\/ellascomunicacion.com\/en\/wp-json\/wp\/v2\/comments?post=6838"}],"version-history":[{"count":1,"href":"https:\/\/ellascomunicacion.com\/en\/wp-json\/wp\/v2\/posts\/6838\/revisions"}],"predecessor-version":[{"id":6839,"href":"https:\/\/ellascomunicacion.com\/en\/wp-json\/wp\/v2\/posts\/6838\/revisions\/6839"}],"wp:featuredmedia":[{"embeddable":true,"href":"https:\/\/ellascomunicacion.com\/en\/wp-json\/wp\/v2\/media\/6836"}],"wp:attachment":[{"href":"https:\/\/ellascomunicacion.com\/en\/wp-json\/wp\/v2\/media?parent=6838"}],"wp:term":[{"taxonomy":"category","embeddable":true,"href":"https:\/\/ellascomunicacion.com\/en\/wp-json\/wp\/v2\/categories?post=6838"},{"taxonomy":"post_tag","embeddable":true,"href":"https:\/\/ellascomunicacion.com\/en\/wp-json\/wp\/v2\/tags?post=6838"}],"curies":[{"name":"wp","href":"https:\/\/api.w.org\/{rel}","templated":true}]}}