{"id":6743,"date":"2021-02-23T21:40:30","date_gmt":"2021-02-23T21:40:30","guid":{"rendered":"https:\/\/ellascomunicacion.com\/libertad-de-urbizu-se-estrenara-el-26-de-marzo-en-doble-formato-una-pelicula-en-cines-y-una-serie-en-movistar"},"modified":"2021-05-25T21:48:39","modified_gmt":"2021-05-25T21:48:39","slug":"libertad-de-urbizu-se-estrenara-el-26-de-marzo-en-doble-formato-una-pelicula-en-cines-y-una-serie-en-movistar","status":"publish","type":"post","link":"https:\/\/ellascomunicacion.com\/en\/libertad-de-urbizu-se-estrenara-el-26-de-marzo-en-doble-formato-una-pelicula-en-cines-y-una-serie-en-movistar","title":{"rendered":"&#8220;Libertad&#8221; de Urbizu se estrenar\u00e1 el 26 de marzo en doble formato: una pel\u00edcula en cines y una serie en Movistar+"},"content":{"rendered":"<p>Foto: \u00a9 Emilio Pereda<\/p>\n<p><em>Libertad<\/em> presenta su tr\u00e1iler oficial y se estrenar\u00e1 en su doble formato el viernes 26 de marzo: una pel\u00edcula en cines de toda Espa\u00f1a, y una serie completa bajo demanda en Movistar+.<\/p>\n<p>Escrito por Miguel Barros y Michel Gaztambide, y dirigido por Enrique Urbizu, <em>Libertad<\/em> es un proyecto original Movistar+ producido por LAZONA y distribuido en cines por A Contracorriente Films.<\/p>\n<p>El reparto coral est\u00e1 encabezado por Bebe, Isak F\u00e9rriz, Xabier Deive, Jorge Suquet, Sof\u00eda Oria y el joven Jason Fern\u00e1ndez, con las colaboraciones especiales de Pedro Casablanc, Luis Callejo y Gin\u00e9s Garc\u00eda Mill\u00e1n.<\/p>\n<p>SINOPSIS<br \/>\nSiglo XIX. Durante 17 a\u00f1os, Luc\u00eda la Llanera ha sido conducida al pat\u00edbulo e indultada en el \u00faltimo momento, pero esos d\u00edas de encierro por fin van a terminar y ser\u00e1 liberada. Su hijo, Juan, naci\u00f3 en prisi\u00f3n y no conoce mundo, ni conoce a su padre, el c\u00e9lebre bandolero Lagartijo.<\/p>\n<p>Madre e hijo intentar\u00e1n vivir la libertad que tantos a\u00f1os les ha sido negada mientras son perseguidos por cuadrillas de bandoleros y escopeteros del Gobernador Montejo. Lagartijo, Aceituno y el Gobernador buscan a la Llanera, pero tambi\u00e9n se buscan entre s\u00ed. En la Espa\u00f1a de principios del siglo XIX no hay sitio para todos y mucho menos para traidores.<\/p>\n","protected":false},"excerpt":{"rendered":"<p>Foto: \u00a9 Emilio Pereda Libertad presenta su tr\u00e1iler oficial y se estrenar\u00e1 en su doble formato el viernes 26 de marzo: una pel\u00edcula en cines de toda Espa\u00f1a, y una serie completa bajo demanda en Movistar+. Escrito por Miguel Barros y Michel Gaztambide, y dirigido por Enrique Urbizu, Libertad es un proyecto original Movistar+ producido por LAZONA y distribuido en cines por A Contracorriente Films. El reparto coral est\u00e1 encabezado por Bebe, Isak F\u00e9rriz, Xabier Deive, Jorge Suquet, Sof\u00eda Oria y el joven Jason Fern\u00e1ndez, con las colaboraciones especiales de Pedro Casablanc, Luis Callejo y Gin\u00e9s Garc\u00eda Mill\u00e1n. SINOPSIS Siglo XIX. Durante 17 a\u00f1os, Luc\u00eda la Llanera ha sido conducida al pat\u00edbulo e indultada en el \u00faltimo momento, pero esos d\u00edas de encierro por fin van a terminar y ser\u00e1 liberada. Su hijo, Juan, naci\u00f3 en prisi\u00f3n y no conoce mundo, ni conoce a su padre, el c\u00e9lebre bandolero Lagartijo.<\/p>\n","protected":false},"author":2,"featured_media":6741,"comment_status":"closed","ping_status":"closed","sticky":false,"template":"","format":"video","meta":{"footnotes":""},"categories":[70,64],"tags":[],"class_list":["post-6743","post","type-post","status-publish","format-video","has-post-thumbnail","hentry","category-blog-en","category-news","post_format-post-format-video"],"_links":{"self":[{"href":"https:\/\/ellascomunicacion.com\/en\/wp-json\/wp\/v2\/posts\/6743","targetHints":{"allow":["GET"]}}],"collection":[{"href":"https:\/\/ellascomunicacion.com\/en\/wp-json\/wp\/v2\/posts"}],"about":[{"href":"https:\/\/ellascomunicacion.com\/en\/wp-json\/wp\/v2\/types\/post"}],"author":[{"embeddable":true,"href":"https:\/\/ellascomunicacion.com\/en\/wp-json\/wp\/v2\/users\/2"}],"replies":[{"embeddable":true,"href":"https:\/\/ellascomunicacion.com\/en\/wp-json\/wp\/v2\/comments?post=6743"}],"version-history":[{"count":1,"href":"https:\/\/ellascomunicacion.com\/en\/wp-json\/wp\/v2\/posts\/6743\/revisions"}],"predecessor-version":[{"id":6744,"href":"https:\/\/ellascomunicacion.com\/en\/wp-json\/wp\/v2\/posts\/6743\/revisions\/6744"}],"wp:featuredmedia":[{"embeddable":true,"href":"https:\/\/ellascomunicacion.com\/en\/wp-json\/wp\/v2\/media\/6741"}],"wp:attachment":[{"href":"https:\/\/ellascomunicacion.com\/en\/wp-json\/wp\/v2\/media?parent=6743"}],"wp:term":[{"taxonomy":"category","embeddable":true,"href":"https:\/\/ellascomunicacion.com\/en\/wp-json\/wp\/v2\/categories?post=6743"},{"taxonomy":"post_tag","embeddable":true,"href":"https:\/\/ellascomunicacion.com\/en\/wp-json\/wp\/v2\/tags?post=6743"}],"curies":[{"name":"wp","href":"https:\/\/api.w.org\/{rel}","templated":true}]}}