{"id":6574,"date":"2020-10-15T10:30:57","date_gmt":"2020-10-15T10:30:57","guid":{"rendered":"http:\/\/ellascomunicacion.com\/en\/finaliza-el-rodaje-de-competencia-oficial-de-mariano-cohn-y-gaston-duprat-con-penelope-cruz-antonio-banderas-y-oscar-martinez"},"modified":"2020-10-15T10:32:19","modified_gmt":"2020-10-15T10:32:19","slug":"finaliza-el-rodaje-de-competencia-oficial-de-mariano-cohn-y-gaston-duprat-con-penelope-cruz-antonio-banderas-y-oscar-martinez","status":"publish","type":"post","link":"https:\/\/ellascomunicacion.com\/en\/finaliza-el-rodaje-de-competencia-oficial-de-mariano-cohn-y-gaston-duprat-con-penelope-cruz-antonio-banderas-y-oscar-martinez","title":{"rendered":"Finaliza el rodaje de &#8220;Competencia Oficial&#8221; de Mariano Cohn y Gast\u00f3n Duprat con Pen\u00e9lope Cruz, Antonio Banderas y Oscar Mart\u00ednez"},"content":{"rendered":"<p>Foto: \u00a9 Manolo Pav\u00f3n<\/p>\n<p>Acaba de finalizar el rodaje de la pel\u00edcula <em>Competencia Oficial<\/em>, una producci\u00f3n de The Mediapro Studio dirigida por Mariano Cohn y Gast\u00f3n Duprat (\u201cEl ciudadano ilustre\u201d, \u201cMi obra maestra\u201d, \u201c4&#215;4\u201d, \u201cEl hombre de al lado\u201d) y escrita por los reconocidos realizadores argentinos junto a Andr\u00e9s Duprat. <\/p>\n<p>The Mediapro Studio presenta las primeras im\u00e1genes audiovisuales del rodaje, que comenz\u00f3 el pasado mes de febrero y se reinici\u00f3 en septiembre tras la interrupci\u00f3n debida al coronavirus. Estas im\u00e1genes corresponden a la primera parte del rodaje.<\/p>\n<p>El filme est\u00e1 protagonizado por Pen\u00e9lope Cruz (ganadora de un Premio Oscar\u00ae por \u201cVicky Cristina Barcelona\u201d de Woody Allen y producida por MEDIAPRO, y premio a mejor actriz en Cannes por \u201cVolver\u201d de Pedro Almod\u00f3var), Antonio Banderas (premio al mejor actor en Cannes por \u201cDolor y gloria\u201d de Pedro Almod\u00f3var) y Oscar Mart\u00ednez (premio al mejor actor en Venecia por \u201cEl ciudadano ilustre\u201d de Cohn y Duprat). <\/p>\n<p><em>Competencia Oficial<\/em>, que incluye en su reparto a Jos\u00e9 Luis G\u00f3mez, Nagore Aramburu, Irene Escolar, Manolo Solo y Pilar Castro, es la tercera pel\u00edcula que THE MEDIAPRO STUDIO produce con los reconocidos directores argentinos Cohn y Duprat tras \u201cMi Obra Maestra\u201d y \u201c4&#215;4\u201d.<\/p>\n<p>La pel\u00edcula cuenta con la participaci\u00f3n de Orange Espa\u00f1a, y Protagonist Pictures es la compa\u00f1\u00eda responsable de las ventas internacionales. <\/p>\n<p>SINOPSIS:<br \/>\nEn busca de trascendencia y prestigio social, un empresario multimillonario decide hacer una pel\u00edcula que deje huella. Para ello, contrata a los mejores: un equipo estelar formado por la celeb\u00e9rrima cineasta Lola Cuevas (Pen\u00e9lope Cruz) y dos reconocidos actores, due\u00f1os de un talento enorme, pero con un ego a\u00fan m\u00e1s grande: el actor de Hollywood F\u00e9lix Rivero (Antonio Banderas) y el actor radical de teatro Iv\u00e1n Torres (Oscar Mart\u00ednez). Ambos son leyendas, pero no exactamente los mejores amigos. A trav\u00e9s de una serie de pruebas cada vez m\u00e1s exc\u00e9ntricas establecidas por Lola, F\u00e9lix e Iv\u00e1n deben enfrentarse no solo entre s\u00ed, sino tambi\u00e9n con sus propios legados. <\/p>\n","protected":false},"excerpt":{"rendered":"<p>Foto: \u00a9 Manolo Pav\u00f3n Acaba de finalizar el rodaje de la pel\u00edcula Competencia Oficial, una producci\u00f3n de The Mediapro Studio dirigida por Mariano Cohn y Gast\u00f3n Duprat (\u201cEl ciudadano ilustre\u201d, \u201cMi obra maestra\u201d, \u201c4&#215;4\u201d, \u201cEl hombre de al lado\u201d) y escrita por los reconocidos realizadores argentinos junto a Andr\u00e9s Duprat. The Mediapro Studio presenta las primeras im\u00e1genes audiovisuales del rodaje, que comenz\u00f3 el pasado mes de febrero y se reinici\u00f3 en septiembre tras la interrupci\u00f3n debida al coronavirus. Estas im\u00e1genes corresponden a la primera parte del rodaje. El filme est\u00e1 protagonizado por Pen\u00e9lope Cruz (ganadora de un Premio Oscar\u00ae por \u201cVicky Cristina Barcelona\u201d de Woody Allen y producida por MEDIAPRO, y premio a mejor actriz en Cannes por \u201cVolver\u201d de Pedro Almod\u00f3var), Antonio Banderas (premio al mejor actor en Cannes por \u201cDolor y gloria\u201d de Pedro Almod\u00f3var) y Oscar Mart\u00ednez (premio al mejor actor en Venecia por \u201cEl ciudadano ilustre\u201d<\/p>\n","protected":false},"author":2,"featured_media":6572,"comment_status":"closed","ping_status":"closed","sticky":false,"template":"","format":"video","meta":{"footnotes":""},"categories":[70,64],"tags":[],"class_list":["post-6574","post","type-post","status-publish","format-video","has-post-thumbnail","hentry","category-blog-en","category-news","post_format-post-format-video"],"_links":{"self":[{"href":"https:\/\/ellascomunicacion.com\/en\/wp-json\/wp\/v2\/posts\/6574","targetHints":{"allow":["GET"]}}],"collection":[{"href":"https:\/\/ellascomunicacion.com\/en\/wp-json\/wp\/v2\/posts"}],"about":[{"href":"https:\/\/ellascomunicacion.com\/en\/wp-json\/wp\/v2\/types\/post"}],"author":[{"embeddable":true,"href":"https:\/\/ellascomunicacion.com\/en\/wp-json\/wp\/v2\/users\/2"}],"replies":[{"embeddable":true,"href":"https:\/\/ellascomunicacion.com\/en\/wp-json\/wp\/v2\/comments?post=6574"}],"version-history":[{"count":1,"href":"https:\/\/ellascomunicacion.com\/en\/wp-json\/wp\/v2\/posts\/6574\/revisions"}],"predecessor-version":[{"id":6575,"href":"https:\/\/ellascomunicacion.com\/en\/wp-json\/wp\/v2\/posts\/6574\/revisions\/6575"}],"wp:featuredmedia":[{"embeddable":true,"href":"https:\/\/ellascomunicacion.com\/en\/wp-json\/wp\/v2\/media\/6572"}],"wp:attachment":[{"href":"https:\/\/ellascomunicacion.com\/en\/wp-json\/wp\/v2\/media?parent=6574"}],"wp:term":[{"taxonomy":"category","embeddable":true,"href":"https:\/\/ellascomunicacion.com\/en\/wp-json\/wp\/v2\/categories?post=6574"},{"taxonomy":"post_tag","embeddable":true,"href":"https:\/\/ellascomunicacion.com\/en\/wp-json\/wp\/v2\/tags?post=6574"}],"curies":[{"name":"wp","href":"https:\/\/api.w.org\/{rel}","templated":true}]}}