{"id":6559,"date":"2020-10-07T15:35:59","date_gmt":"2020-10-07T15:35:59","guid":{"rendered":"http:\/\/ellascomunicacion.com\/en\/se-rueda-el-sustituto-una-pelicula-de-oscar-aibar"},"modified":"2020-10-07T21:19:18","modified_gmt":"2020-10-07T21:19:18","slug":"se-rueda-el-sustituto-una-pelicula-de-oscar-aibar","status":"publish","type":"post","link":"https:\/\/ellascomunicacion.com\/en\/se-rueda-el-sustituto-una-pelicula-de-oscar-aibar","title":{"rendered":"Se rueda \u201cEl Sustituto\u201d, una pel\u00edcula de \u00d3scar Aibar"},"content":{"rendered":"<p>Foto: Laia Lluch<\/p>\n<p>Denia y diferentes localidades de la comunidad valenciana son las principales localizaciones que acogen desde mediados de septiembre y hasta el pr\u00f3ximo 30 de octubre el rodaje de <em>El Sustituto<\/em>, la nueva pel\u00edcula dirigida por \u00d3scar Aibar (\u201cEl bosque\u201d, \u201cel Gran V\u00e1zquez\u201d).<br \/>\nSe trata de una producci\u00f3n de Tornasol, Voramar Films, Isaba Producciones Cinematogr\u00e1ficas AIE (Espa\u00f1a) en coproducci\u00f3n con Entre Chien et Loup (B\u00e9lgica), que cuenta con la participaci\u00f3n de RTVE y \u00c0 punt Media, con la colaboraci\u00f3n de Amazon Prime Video y el apoyo de ICAA y del IVC de la Generalitat Valenciana.<\/p>\n<p><em>El Sustituto<\/em> es un thriller polic\u00edaco compuesto por un elenco coral encabezado por Ricardo G\u00f3mez (nominado al Goya a mejor actor revelaci\u00f3n por \u201cLos \u00faltimos de Filipinas\u201dde Salvador Calvo), Vicky Luengo (protagonista de la serie \u201cAntidisturbios\u201d de Rodrigo Sorogoyen) y Pere Ponce (\u201cBlancanieves\u201d de Pablo Berger, o tambi\u00e9n protagonista de la filmograf\u00eda de \u00d3scar Aibar).<br \/>\nCompletan el reparto Joaqu\u00edn Climent, Susi S\u00e1nchez, Pol L\u00f3pez, Nuria Herrero, Frank Feys, Bruna Cus\u00ed o Guillermo Montesinos, entre otros.<\/p>\n<p>El director y guionista, \u00d3scar Aibar, explica el origen del proyecto:<br \/>\n<em>Hace a\u00f1os una foto me llam\u00f3 la atenci\u00f3n desde la pared de un restaurante playero. En la imagen pod\u00edan distinguirse algunos hombres sentados alegremente a una mesa, vestidos con uniformes alemanes de la segunda guerra mundial. La imagen hab\u00eda sido tomada en aquel mismo sitio no hac\u00eda m\u00e1s de veinte a\u00f1os. Inici\u00e9 entonces una investigaci\u00f3n que me llev\u00f3 a descubrir cientos de detalles sobre los nazis refugiados en la Costa Blanca, una pr\u00f3spera comunidad que vivi\u00f3 un pl\u00e1cido retiro en nuestro pa\u00eds hasta bien entrada la transici\u00f3n. Esta es la incre\u00edble historia que hay detr\u00e1s de <em>El Sustituto<\/em>, la pel\u00edcula que estamos rodando actualmente en Denia dirigida por un servidor y protagonizada alucinantemente por Ricardo G\u00f3mez. Nos vemos al final del t\u00fanel. \u00a1Ya veo la luz!<\/em><\/p>\n<p>En el apartado t\u00e9cnico, el equipo de <em>El Sustituto<\/em> est\u00e1 formado por profesionales de primer nivel como \u00c1lex de Pablo en la direcci\u00f3n de fotograf\u00eda (Nominado al Goya por \u201cEl Reino\u201d de Rodrigo Sorogoyen), Uxua Castell\u00f3 en la direcci\u00f3n de arte (\u201cExplota Explota\u201d de Nacho \u00c1lvarez), Teresa Font en montaje (Premio Goya por \u201cDolor y Gloria\u201d de Pedro Almod\u00f3var), Eduardo Esquide en sonido (Premio Europeo a mejor sonido por \u201cLa noche de 12 a\u00f1os\u201d) o Jos\u00e9 Quetgl\u00e1s en Maquillaje (galardonado al Goya en numerosas ocasiones, entre ellas por el maquillaje de \u201cEl laberinto del fauno\u201d de Guillermo del Toro, filme que le vali\u00f3 tambi\u00e9n un Premio Ariel y un Premio BAFTA).<\/p>\n<p>SINOPSIS<br \/>\n1982. Un joven polic\u00eda curtido en los barrios m\u00e1s duros de Madrid acepta un destino en un pueblo de mar con la esperanza de curar a su hija y de paso ganar algo de tranquilidad. Una vez all\u00ed se ve envuelto en la investigaci\u00f3n del extra\u00f1o asesinato del inspector al que ha de sustituir. Las pesquisas le llevar\u00e1n hasta un hotel playero donde una comunidad de ancianos nazis, reclamados por muchos pa\u00edses por cr\u00edmenes contra la humanidad, vive un retiro paradisiaco y feliz.<\/p>\n","protected":false},"excerpt":{"rendered":"<p>Foto: Laia Lluch Denia y diferentes localidades de la comunidad valenciana son las principales localizaciones que acogen desde mediados de septiembre y hasta el pr\u00f3ximo 30 de octubre el rodaje de El Sustituto, la nueva pel\u00edcula dirigida por \u00d3scar Aibar (\u201cEl bosque\u201d, \u201cel Gran V\u00e1zquez\u201d). Se trata de una producci\u00f3n de Tornasol, Voramar Films, Isaba Producciones Cinematogr\u00e1ficas AIE (Espa\u00f1a) en coproducci\u00f3n con Entre Chien et Loup (B\u00e9lgica), que cuenta con la participaci\u00f3n de RTVE y \u00c0 punt Media, con la colaboraci\u00f3n de Amazon Prime Video y el apoyo de ICAA y del IVC de la Generalitat Valenciana. El Sustituto es un thriller polic\u00edaco compuesto por un elenco coral encabezado por Ricardo G\u00f3mez (nominado al Goya a mejor actor revelaci\u00f3n por \u201cLos \u00faltimos de Filipinas\u201dde Salvador Calvo), Vicky Luengo (protagonista de la serie \u201cAntidisturbios\u201d de Rodrigo Sorogoyen) y Pere Ponce (\u201cBlancanieves\u201d de Pablo Berger, o tambi\u00e9n protagonista de la filmograf\u00eda de<\/p>\n","protected":false},"author":2,"featured_media":6557,"comment_status":"closed","ping_status":"closed","sticky":false,"template":"","format":"standard","meta":{"footnotes":""},"categories":[70,64],"tags":[],"class_list":["post-6559","post","type-post","status-publish","format-standard","has-post-thumbnail","hentry","category-blog-en","category-news"],"_links":{"self":[{"href":"https:\/\/ellascomunicacion.com\/en\/wp-json\/wp\/v2\/posts\/6559","targetHints":{"allow":["GET"]}}],"collection":[{"href":"https:\/\/ellascomunicacion.com\/en\/wp-json\/wp\/v2\/posts"}],"about":[{"href":"https:\/\/ellascomunicacion.com\/en\/wp-json\/wp\/v2\/types\/post"}],"author":[{"embeddable":true,"href":"https:\/\/ellascomunicacion.com\/en\/wp-json\/wp\/v2\/users\/2"}],"replies":[{"embeddable":true,"href":"https:\/\/ellascomunicacion.com\/en\/wp-json\/wp\/v2\/comments?post=6559"}],"version-history":[{"count":4,"href":"https:\/\/ellascomunicacion.com\/en\/wp-json\/wp\/v2\/posts\/6559\/revisions"}],"predecessor-version":[{"id":6565,"href":"https:\/\/ellascomunicacion.com\/en\/wp-json\/wp\/v2\/posts\/6559\/revisions\/6565"}],"wp:featuredmedia":[{"embeddable":true,"href":"https:\/\/ellascomunicacion.com\/en\/wp-json\/wp\/v2\/media\/6557"}],"wp:attachment":[{"href":"https:\/\/ellascomunicacion.com\/en\/wp-json\/wp\/v2\/media?parent=6559"}],"wp:term":[{"taxonomy":"category","embeddable":true,"href":"https:\/\/ellascomunicacion.com\/en\/wp-json\/wp\/v2\/categories?post=6559"},{"taxonomy":"post_tag","embeddable":true,"href":"https:\/\/ellascomunicacion.com\/en\/wp-json\/wp\/v2\/tags?post=6559"}],"curies":[{"name":"wp","href":"https:\/\/api.w.org\/{rel}","templated":true}]}}