{"id":5903,"date":"2018-10-10T15:47:50","date_gmt":"2018-10-10T15:47:50","guid":{"rendered":"http:\/\/ellascomunicacion.com\/en\/trailer-oficial-de-arde-madrid"},"modified":"2018-10-10T15:55:03","modified_gmt":"2018-10-10T15:55:03","slug":"trailer-oficial-de-arde-madrid","status":"publish","type":"post","link":"https:\/\/ellascomunicacion.com\/en\/trailer-oficial-de-arde-madrid","title":{"rendered":"Tr\u00e1iler Oficial de &#8220;Arde Madrid&#8221;"},"content":{"rendered":"<p>Foto: \u00a9 Jorge Fuembuena<\/p>\n<p>Esta innovadora ficci\u00f3n -presentada en el pasado Festival Internacional de San Sebasti\u00e1n y que participar\u00e1 en el pr\u00f3ximo MIPCOM de Cannes-, protagonizada por Inma Cuesta, el propio Paco Le\u00f3n (que tambi\u00e9n dirige la serie), Debi Mazar, Anna Castillo y Juli\u00e1n Villagr\u00e1n, es la primera serie de la televisi\u00f3n de pago rodada en blanco y negro.<\/p>\n<p><em>Arde Madrid<\/em> nos transporta a 1961, en plena dictadura franquista, donde Ava Gardner disfrutaba junto a una \u00e9lite de artistas, arist\u00f3cratas y extranjeros de lo que fue la Dolce Vita madrile\u00f1a. Su sufridor vecino de abajo, era nada m\u00e1s y nada menos que el General Per\u00f3n, exiliado de Argentina y reci\u00e9n casado con Isabelita, su segunda esposa.<\/p>\n<p>El General Per\u00f3n, Aline Griffith, Charlton Heston o la mism\u00edsima Ava Gardner ser\u00e1n secundarios de lujo en la vida de los verdaderos protagonistas de la serie: Manolo, Ana Mari y Pilar, el servicio dom\u00e9stico del animal m\u00e1s bello del mundo.<\/p>\n<p>A trav\u00e9s de sus vivencias se contar\u00e1 no s\u00f3lo la intimidad de una estrella de Hollywood sino tambi\u00e9n el disparate de lo que era la Espa\u00f1a del momento. Flamenco, guardias civiles, la Secci\u00f3n Femenina, clanes gitanos, un collar \u00fanico, espionaje \u2026 Y sobre todo sexo, whisky y rock and roll.<\/p>\n<p>La ficci\u00f3n de ocho episodios de 30 minutos de duraci\u00f3n llegar\u00e1 a Movistar+ el jueves 8 noviembre completa bajo demanda.<\/p>\n<p><em>Arde Madrid<\/em>, detr\u00e1s de cada momento hist\u00f3rico siempre hay alguien haciendo las camas.<\/p>\n","protected":false},"excerpt":{"rendered":"<p>Foto: \u00a9 Jorge Fuembuena Esta innovadora ficci\u00f3n -presentada en el pasado Festival Internacional de San Sebasti\u00e1n y que participar\u00e1 en el pr\u00f3ximo MIPCOM de Cannes-, protagonizada por Inma Cuesta, el propio Paco Le\u00f3n (que tambi\u00e9n dirige la serie), Debi Mazar, Anna Castillo y Juli\u00e1n Villagr\u00e1n, es la primera serie de la televisi\u00f3n de pago rodada en blanco y negro. Arde Madrid nos transporta a 1961, en plena dictadura franquista, donde Ava Gardner disfrutaba junto a una \u00e9lite de artistas, arist\u00f3cratas y extranjeros de lo que fue la Dolce Vita madrile\u00f1a. Su sufridor vecino de abajo, era nada m\u00e1s y nada menos que el General Per\u00f3n, exiliado de Argentina y reci\u00e9n casado con Isabelita, su segunda esposa. El General Per\u00f3n, Aline Griffith, Charlton Heston o la mism\u00edsima Ava Gardner ser\u00e1n secundarios de lujo en la vida de los verdaderos protagonistas de la serie: Manolo, Ana Mari y Pilar, el servicio dom\u00e9stico<\/p>\n","protected":false},"author":2,"featured_media":5901,"comment_status":"closed","ping_status":"closed","sticky":false,"template":"","format":"video","meta":{"footnotes":""},"categories":[64],"tags":[],"class_list":["post-5903","post","type-post","status-publish","format-video","has-post-thumbnail","hentry","category-news","post_format-post-format-video"],"_links":{"self":[{"href":"https:\/\/ellascomunicacion.com\/en\/wp-json\/wp\/v2\/posts\/5903","targetHints":{"allow":["GET"]}}],"collection":[{"href":"https:\/\/ellascomunicacion.com\/en\/wp-json\/wp\/v2\/posts"}],"about":[{"href":"https:\/\/ellascomunicacion.com\/en\/wp-json\/wp\/v2\/types\/post"}],"author":[{"embeddable":true,"href":"https:\/\/ellascomunicacion.com\/en\/wp-json\/wp\/v2\/users\/2"}],"replies":[{"embeddable":true,"href":"https:\/\/ellascomunicacion.com\/en\/wp-json\/wp\/v2\/comments?post=5903"}],"version-history":[{"count":1,"href":"https:\/\/ellascomunicacion.com\/en\/wp-json\/wp\/v2\/posts\/5903\/revisions"}],"predecessor-version":[{"id":5904,"href":"https:\/\/ellascomunicacion.com\/en\/wp-json\/wp\/v2\/posts\/5903\/revisions\/5904"}],"wp:featuredmedia":[{"embeddable":true,"href":"https:\/\/ellascomunicacion.com\/en\/wp-json\/wp\/v2\/media\/5901"}],"wp:attachment":[{"href":"https:\/\/ellascomunicacion.com\/en\/wp-json\/wp\/v2\/media?parent=5903"}],"wp:term":[{"taxonomy":"category","embeddable":true,"href":"https:\/\/ellascomunicacion.com\/en\/wp-json\/wp\/v2\/categories?post=5903"},{"taxonomy":"post_tag","embeddable":true,"href":"https:\/\/ellascomunicacion.com\/en\/wp-json\/wp\/v2\/tags?post=5903"}],"curies":[{"name":"wp","href":"https:\/\/api.w.org\/{rel}","templated":true}]}}