{"id":5785,"date":"2018-06-03T11:59:02","date_gmt":"2018-06-03T11:59:02","guid":{"rendered":"http:\/\/ellascomunicacion.com\/en\/asi-ha-sido-el-evento-de-los-futbolisimos-en-el-marco-de-la-feria-del-libro"},"modified":"2018-06-05T12:07:03","modified_gmt":"2018-06-05T12:07:03","slug":"asi-ha-sido-el-evento-de-los-futbolisimos-en-el-marco-de-la-feria-del-libro","status":"publish","type":"post","link":"https:\/\/ellascomunicacion.com\/en\/asi-ha-sido-el-evento-de-los-futbolisimos-en-el-marco-de-la-feria-del-libro","title":{"rendered":"As\u00ed ha sido el evento de &#8220;Los Futbol\u00edsimos&#8221; en el marco de la Feria del Libro"},"content":{"rendered":"<p>Foto: \u00a9 Fotogramas25<\/p>\n<p>Hoy domingo 3 de junio ha tenido lugar en la Biblioteca Eugenio Tr\u00edas de Madrid, en un acto enmarcado dentro de la Feria del Libro, la presentaci\u00f3n &#8220;Los Futbol\u00edsimos: De la novela al cine&#8221;, un encuentro que han disfrutado m\u00e1s de 100 ni\u00f1os junto con el director de la pel\u00edcula, Miguel \u00c1ngel Lamata; el autor de la famosa saga literaria, Roberto Santiago, y parte del elenco del filme.<\/p>\n<p>Juntos han disfrutado de im\u00e1genes in\u00e9ditas de la pel\u00edcula y han bailado al son del tema &#8220;Superh\u00e9roes&#8221;, canci\u00f3n principal de la BSO de <em>Los Futbol\u00edsimos <\/em> compuesta por el grupo BOMBAI y que ha interpretado en directo.<\/p>\n<p>Las actrices Toni Acosta, Carmen Ruiz y Norma Ruiz y tres de los protagonistas infantiles de la pel\u00edcula, Julio Bohigas (Pakete), Milene Mayer (Helena con &#8220;H&#8221;) y Marcos Milara (Toni), han compartido an\u00e9cdotas del rodaje y desvelado algunos secretos de <em>Los Futbol\u00edsimos<\/em>, pel\u00edcula basada en el fen\u00f3meno editorial del mismo nombre que lleva m\u00e1s de 2.000.000 de libros vendidos que llegar\u00e1 a las pantallas espa\u00f1olas el pr\u00f3ximo 24 de agosto.<\/p>\n","protected":false},"excerpt":{"rendered":"<p>Foto: \u00a9 Fotogramas25 Hoy domingo 3 de junio ha tenido lugar en la Biblioteca Eugenio Tr\u00edas de Madrid, en un acto enmarcado dentro de la Feria del Libro, la presentaci\u00f3n &#8220;Los Futbol\u00edsimos: De la novela al cine&#8221;, un encuentro que han disfrutado m\u00e1s de 100 ni\u00f1os junto con el director de la pel\u00edcula, Miguel \u00c1ngel Lamata; el autor de la famosa saga literaria, Roberto Santiago, y parte del elenco del filme. Juntos han disfrutado de im\u00e1genes in\u00e9ditas de la pel\u00edcula y han bailado al son del tema &#8220;Superh\u00e9roes&#8221;, canci\u00f3n principal de la BSO de Los Futbol\u00edsimos compuesta por el grupo BOMBAI y que ha interpretado en directo. Las actrices Toni Acosta, Carmen Ruiz y Norma Ruiz y tres de los protagonistas infantiles de la pel\u00edcula, Julio Bohigas (Pakete), Milene Mayer (Helena con &#8220;H&#8221;) y Marcos Milara (Toni), han compartido an\u00e9cdotas del rodaje y desvelado algunos secretos de Los Futbol\u00edsimos, pel\u00edcula<\/p>\n","protected":false},"author":2,"featured_media":5783,"comment_status":"closed","ping_status":"closed","sticky":false,"template":"","format":"standard","meta":{"footnotes":""},"categories":[64],"tags":[],"class_list":["post-5785","post","type-post","status-publish","format-standard","has-post-thumbnail","hentry","category-news"],"_links":{"self":[{"href":"https:\/\/ellascomunicacion.com\/en\/wp-json\/wp\/v2\/posts\/5785","targetHints":{"allow":["GET"]}}],"collection":[{"href":"https:\/\/ellascomunicacion.com\/en\/wp-json\/wp\/v2\/posts"}],"about":[{"href":"https:\/\/ellascomunicacion.com\/en\/wp-json\/wp\/v2\/types\/post"}],"author":[{"embeddable":true,"href":"https:\/\/ellascomunicacion.com\/en\/wp-json\/wp\/v2\/users\/2"}],"replies":[{"embeddable":true,"href":"https:\/\/ellascomunicacion.com\/en\/wp-json\/wp\/v2\/comments?post=5785"}],"version-history":[{"count":1,"href":"https:\/\/ellascomunicacion.com\/en\/wp-json\/wp\/v2\/posts\/5785\/revisions"}],"predecessor-version":[{"id":5786,"href":"https:\/\/ellascomunicacion.com\/en\/wp-json\/wp\/v2\/posts\/5785\/revisions\/5786"}],"wp:featuredmedia":[{"embeddable":true,"href":"https:\/\/ellascomunicacion.com\/en\/wp-json\/wp\/v2\/media\/5783"}],"wp:attachment":[{"href":"https:\/\/ellascomunicacion.com\/en\/wp-json\/wp\/v2\/media?parent=5785"}],"wp:term":[{"taxonomy":"category","embeddable":true,"href":"https:\/\/ellascomunicacion.com\/en\/wp-json\/wp\/v2\/categories?post=5785"},{"taxonomy":"post_tag","embeddable":true,"href":"https:\/\/ellascomunicacion.com\/en\/wp-json\/wp\/v2\/tags?post=5785"}],"curies":[{"name":"wp","href":"https:\/\/api.w.org\/{rel}","templated":true}]}}