{"id":5753,"date":"2018-04-09T19:39:32","date_gmt":"2018-04-09T19:39:32","guid":{"rendered":"http:\/\/ellascomunicacion.com\/en\/la-enfermedad-del-domingo-premios-del-jurado-jules-verne-y-del-publico-en-el-festival-du-cinema-espagnol-de-nantes"},"modified":"2018-05-08T19:49:17","modified_gmt":"2018-05-08T19:49:17","slug":"la-enfermedad-del-domingo-premios-del-jurado-jules-verne-y-del-publico-en-el-festival-du-cinema-espagnol-de-nantes","status":"publish","type":"post","link":"https:\/\/ellascomunicacion.com\/en\/la-enfermedad-del-domingo-premios-del-jurado-jules-verne-y-del-publico-en-el-festival-du-cinema-espagnol-de-nantes","title":{"rendered":"&#8220;La enfermedad del domingo&#8221; Premios del Jurado Jules Verne y del P\u00fablico en el Festival du Cin\u00e9ma Espagnol de Nantes"},"content":{"rendered":"<p>9 de abril &#8211; La pel\u00edcula <em>La enfermedad del domingo <\/em> de Ram\u00f3n Salazar protagonizada por B\u00e1rbara Lennie y Susi S\u00e1nchez se ha alzado con el Premio del Jurado Jules Verne, el m\u00e1s importante otorgado por el certamen, y el Premio del P\u00fablico del Festival du Cin\u00e9ma Espagnol de Nantes, que se ha celebrado del 28 de marzo al 8 de abril.<br \/>\nEl director Ram\u00f3n Salazar recibi\u00f3 personalmente los galardones en una gala que se celebr\u00f3 anoche.<\/p>\n<p>Contin\u00faa consolid\u00e1ndose la carrera internacional del filme, que desde su paso por La Berlinale no ha dejado de cosechar tanto cr\u00edticas excepcionales como el aplauso del p\u00fablico.<\/p>\n<p>El pr\u00f3ximo 15 de abril la pel\u00edcula tendr\u00e1 su estreno mundial en Reino Unido en el marco del London Spanish Film Festival y el 19 de abril llegar\u00e1 a Estados Unidos para participar en la Secci\u00f3n Oficial \u201cInternational Narrative Competition\u201d del Festival de Cine de Tribeca.<\/p>\n<p><em>La enfermedad del domingo<\/em>, que se estren\u00f3 recientemente en las pantallas espa\u00f1olas distribuida por CARAMEL FILMS, es una producci\u00f3n de ZETA CINEMA y ON CINEMA 2017 con la colaboraci\u00f3n de RTVE, TV3, ICAA, ICEC e ICO y la participaci\u00f3n de NETFLIX.<\/p>\n","protected":false},"excerpt":{"rendered":"<p>9 de abril &#8211; La pel\u00edcula La enfermedad del domingo de Ram\u00f3n Salazar protagonizada por B\u00e1rbara Lennie y Susi S\u00e1nchez se ha alzado con el Premio del Jurado Jules Verne, el m\u00e1s importante otorgado por el certamen, y el Premio del P\u00fablico del Festival du Cin\u00e9ma Espagnol de Nantes, que se ha celebrado del 28 de marzo al 8 de abril. El director Ram\u00f3n Salazar recibi\u00f3 personalmente los galardones en una gala que se celebr\u00f3 anoche. Contin\u00faa consolid\u00e1ndose la carrera internacional del filme, que desde su paso por La Berlinale no ha dejado de cosechar tanto cr\u00edticas excepcionales como el aplauso del p\u00fablico. El pr\u00f3ximo 15 de abril la pel\u00edcula tendr\u00e1 su estreno mundial en Reino Unido en el marco del London Spanish Film Festival y el 19 de abril llegar\u00e1 a Estados Unidos para participar en la Secci\u00f3n Oficial \u201cInternational Narrative Competition\u201d del Festival de Cine de Tribeca. La<\/p>\n","protected":false},"author":2,"featured_media":5751,"comment_status":"closed","ping_status":"closed","sticky":false,"template":"","format":"standard","meta":{"footnotes":""},"categories":[64],"tags":[],"class_list":["post-5753","post","type-post","status-publish","format-standard","has-post-thumbnail","hentry","category-news"],"_links":{"self":[{"href":"https:\/\/ellascomunicacion.com\/en\/wp-json\/wp\/v2\/posts\/5753","targetHints":{"allow":["GET"]}}],"collection":[{"href":"https:\/\/ellascomunicacion.com\/en\/wp-json\/wp\/v2\/posts"}],"about":[{"href":"https:\/\/ellascomunicacion.com\/en\/wp-json\/wp\/v2\/types\/post"}],"author":[{"embeddable":true,"href":"https:\/\/ellascomunicacion.com\/en\/wp-json\/wp\/v2\/users\/2"}],"replies":[{"embeddable":true,"href":"https:\/\/ellascomunicacion.com\/en\/wp-json\/wp\/v2\/comments?post=5753"}],"version-history":[{"count":1,"href":"https:\/\/ellascomunicacion.com\/en\/wp-json\/wp\/v2\/posts\/5753\/revisions"}],"predecessor-version":[{"id":5754,"href":"https:\/\/ellascomunicacion.com\/en\/wp-json\/wp\/v2\/posts\/5753\/revisions\/5754"}],"wp:featuredmedia":[{"embeddable":true,"href":"https:\/\/ellascomunicacion.com\/en\/wp-json\/wp\/v2\/media\/5751"}],"wp:attachment":[{"href":"https:\/\/ellascomunicacion.com\/en\/wp-json\/wp\/v2\/media?parent=5753"}],"wp:term":[{"taxonomy":"category","embeddable":true,"href":"https:\/\/ellascomunicacion.com\/en\/wp-json\/wp\/v2\/categories?post=5753"},{"taxonomy":"post_tag","embeddable":true,"href":"https:\/\/ellascomunicacion.com\/en\/wp-json\/wp\/v2\/tags?post=5753"}],"curies":[{"name":"wp","href":"https:\/\/api.w.org\/{rel}","templated":true}]}}