{"id":5694,"date":"2018-01-25T12:51:10","date_gmt":"2018-01-25T12:51:10","guid":{"rendered":"http:\/\/ellascomunicacion.com\/en\/?p=5694"},"modified":"2018-01-25T12:51:10","modified_gmt":"2018-01-25T12:51:10","slug":"la-enfermedad-del-domingo-participara-en-la-seccion-panorama-de-la-berlinale","status":"publish","type":"post","link":"https:\/\/ellascomunicacion.com\/en\/la-enfermedad-del-domingo-participara-en-la-seccion-panorama-de-la-berlinale","title":{"rendered":"&#8220;La enfermedad del domingo&#8221; participar\u00e1 en la Secci\u00f3n Panorama de La Berlinale"},"content":{"rendered":"<p>Foto: \u00a9 Luc\u00eda Faraig<\/p>\n<p>Madrid, 25 de enero de 2018 &#8211; La Berlinale ha anunciado que <em>La enfermedad del domingo<\/em>, dirigida y escrita por Ram\u00f3n Salazar, participar\u00e1 en la Secci\u00f3n Panorama de la pr\u00f3xima edici\u00f3n del certamen, que tendr\u00e1 lugar del 15 al 25 de febrero, dentro de las proyecciones Panorama Special.<\/p>\n<p>Ram\u00f3n Salazar, director y guionista de los largometrajes &#8220;Piedras&#8221;, &#8220;10.000 noches en ninguna parte&#8221; y &#8220;20 cent\u00edmetros&#8221; y guionista de los \u00e9xitos &#8220;Tres metros sobre el cielo&#8221; y &#8220;Tengo ganas de ti&#8221;, por los que fue candidato al Goya al Mejor Guion Adaptado, regresa con <em>La enfermedad del domingo<\/em> al Festival Internacional de Cine de Berl\u00edn diecis\u00e9is a\u00f1os despu\u00e9s de participar en la Secci\u00f3n Oficial a Concurso con su \u00f3pera prima &#8220;Piedras&#8221;, filme que le vali\u00f3 tambi\u00e9n una nominaci\u00f3n al Goya a la Mejor Direcci\u00f3n Novel.<\/p>\n<p><em>&#8220;Me produce una alegr\u00eda inmensa poder volver a este festival para presentar mi nueva pel\u00edcula. No se me ocurre mejor lugar para presentar La enfermedad del domingo que la Berlinale, donde tuve el placer de participar en la Secci\u00f3n Oficial con mi primera pel\u00edcula. Un festival de este prestigio es el marco perfecto para dar el pistoletazo de salida a esta pel\u00edcula interpretada por dos actrices que, literalmente, se dejan el alma en ella.&#8221;<\/em><\/p>\n<p>Producida por ZETA CINEMA y ON CINEMA 2017 con la colaboraci\u00f3n de RTVE, TV3, ICAA, ICEC e ICO, <em>La enfermedad del domingo<\/em> est\u00e1 protagonizada por B\u00e1rbara Lennie (&#8220;Magical Girl&#8221; que le vali\u00f3 el Goya a Mejor Actriz, &#8220;Mar\u00eda y los dem\u00e1s&#8221;, &#8220;El Ni\u00f1o&#8221; u &#8220;Obaba&#8221; por las que tambi\u00e9n obtuvo nominaciones) y Susi S\u00e1nchez (&#8220;10.000 noches en ninguna parte&#8221; por la que fue nominada al Goya a Mejor Actriz de Reparto, &#8220;Julieta&#8221;, &#8220;La piel que habito&#8221;). <\/p>\n<p>El reparto lo completan Miguel \u00c1ngel Sol\u00e1 y Greta Fern\u00e1ndez.<\/p>\n<p><em>La enfermedad del domingo<\/em> llegar\u00e1 a las pantallas espa\u00f1olas el pr\u00f3ximo 23 de febrero distribuida por CARAMEL FILMS.<\/p>\n","protected":false},"excerpt":{"rendered":"<p>Foto: \u00a9 Luc\u00eda Faraig Madrid, 25 de enero de 2018 &#8211; La Berlinale ha anunciado que La enfermedad del domingo, dirigida y escrita por Ram\u00f3n Salazar, participar\u00e1 en la Secci\u00f3n Panorama de la pr\u00f3xima edici\u00f3n del certamen, que tendr\u00e1 lugar del 15 al 25 de febrero, dentro de las proyecciones Panorama Special. Ram\u00f3n Salazar, director y guionista de los largometrajes &#8220;Piedras&#8221;, &#8220;10.000 noches en ninguna parte&#8221; y &#8220;20 cent\u00edmetros&#8221; y guionista de los \u00e9xitos &#8220;Tres metros sobre el cielo&#8221; y &#8220;Tengo ganas de ti&#8221;, por los que fue candidato al Goya al Mejor Guion Adaptado, regresa con La enfermedad del domingo al Festival Internacional de Cine de Berl\u00edn diecis\u00e9is a\u00f1os despu\u00e9s de participar en la Secci\u00f3n Oficial a Concurso con su \u00f3pera prima &#8220;Piedras&#8221;, filme que le vali\u00f3 tambi\u00e9n una nominaci\u00f3n al Goya a la Mejor Direcci\u00f3n Novel. &#8220;Me produce una alegr\u00eda inmensa poder volver a este festival para presentar<\/p>\n","protected":false},"author":2,"featured_media":5692,"comment_status":"closed","ping_status":"closed","sticky":false,"template":"","format":"standard","meta":{"footnotes":""},"categories":[70,64],"tags":[],"class_list":["post-5694","post","type-post","status-publish","format-standard","has-post-thumbnail","hentry","category-blog-en","category-news"],"_links":{"self":[{"href":"https:\/\/ellascomunicacion.com\/en\/wp-json\/wp\/v2\/posts\/5694","targetHints":{"allow":["GET"]}}],"collection":[{"href":"https:\/\/ellascomunicacion.com\/en\/wp-json\/wp\/v2\/posts"}],"about":[{"href":"https:\/\/ellascomunicacion.com\/en\/wp-json\/wp\/v2\/types\/post"}],"author":[{"embeddable":true,"href":"https:\/\/ellascomunicacion.com\/en\/wp-json\/wp\/v2\/users\/2"}],"replies":[{"embeddable":true,"href":"https:\/\/ellascomunicacion.com\/en\/wp-json\/wp\/v2\/comments?post=5694"}],"version-history":[{"count":1,"href":"https:\/\/ellascomunicacion.com\/en\/wp-json\/wp\/v2\/posts\/5694\/revisions"}],"predecessor-version":[{"id":5695,"href":"https:\/\/ellascomunicacion.com\/en\/wp-json\/wp\/v2\/posts\/5694\/revisions\/5695"}],"wp:featuredmedia":[{"embeddable":true,"href":"https:\/\/ellascomunicacion.com\/en\/wp-json\/wp\/v2\/media\/5692"}],"wp:attachment":[{"href":"https:\/\/ellascomunicacion.com\/en\/wp-json\/wp\/v2\/media?parent=5694"}],"wp:term":[{"taxonomy":"category","embeddable":true,"href":"https:\/\/ellascomunicacion.com\/en\/wp-json\/wp\/v2\/categories?post=5694"},{"taxonomy":"post_tag","embeddable":true,"href":"https:\/\/ellascomunicacion.com\/en\/wp-json\/wp\/v2\/tags?post=5694"}],"curies":[{"name":"wp","href":"https:\/\/api.w.org\/{rel}","templated":true}]}}