{"id":5520,"date":"2017-08-31T08:03:47","date_gmt":"2017-08-31T08:03:47","guid":{"rendered":"http:\/\/ellascomunicacion.com\/en\/el-15-de-diciembre-se-estrenara-la-enfermedad-del-domingo-la-nueva-pelicula-del-director-y-guionista-ramon-salazar"},"modified":"2017-09-05T14:53:18","modified_gmt":"2017-09-05T14:53:18","slug":"el-15-de-diciembre-se-estrenara-la-enfermedad-del-domingo-la-nueva-pelicula-del-director-y-guionista-ramon-salazar","status":"publish","type":"post","link":"https:\/\/ellascomunicacion.com\/en\/el-15-de-diciembre-se-estrenara-la-enfermedad-del-domingo-la-nueva-pelicula-del-director-y-guionista-ramon-salazar","title":{"rendered":"El 15 de diciembre se estrenar\u00e1 \u201cLa enfermedad del domingo\u201d, la nueva pel\u00edcula del director y guionista  Ram\u00f3n Salazar"},"content":{"rendered":"<p>Foto: \u00a9 Luc\u00eda Faraig<\/p>\n<p>El pr\u00f3ximo 15 de diciembre llegar\u00e1 a las pantallas espa\u00f1olas <em>La enfermedad del domingo<\/em>, de RAM\u00d3N SALAZAR, director y guionista de los largometrajes \u201c10.000 noches en ninguna parte\u201d, \u201c20 cent\u00edmetros\u201d y \u201cPiedras\u201d (por el que obtuvo una nominaci\u00f3n al Goya a la Mejor Direcci\u00f3n Novel y particip\u00f3 en la Secci\u00f3n Oficial de la Berlinale de 2002), y guionista de los \u00e9xitos \u201cTres metros sobre el cielo\u201d y \u201cTengo ganas de ti\u201d, por los que fue candidato al Goya al Mejor Guion Adaptado.<br \/>\n\u00a0<br \/>\nProducida por ZETA CINEMA y ON CINEMA 2017 con la colaboraci\u00f3n de TVE, TV3, ICAA, ICEC e ICO, la pel\u00edcula est\u00e1 protagonizada por B\u00c1RBARA LENNIE (\u201cMagical Girl\u201d que le vali\u00f3 el Goya a Mejor Actriz, \u201cMar\u00eda y los dem\u00e1s\u201d, \u201cEl Ni\u00f1o\u201d u \u201cObaba\u201d por las que tambi\u00e9n obtuvo nominaciones) y SUSI S\u00c1NCHEZ (\u201c10.000 noches en ninguna parte\u201d por la que fue nominada al Goya a Mejor Actriz de Reparto, \u201cJulieta\u201d, \u201cLa piel que habito\u201d). El reparto lo completan MIGUEL \u00c1NGEL SOL\u00c1 (\u201cDespido Procedente\u201d, \u201cSe qui\u00e9n eres\u201d por la que obtuvo nominaci\u00f3n al Goya al Mejor Actor, \u201cFausto 5.0\u201d) y GRETA FERN\u00c1NDEZ (\u201cNo s\u00e9 decir adi\u00f3s\u201d, \u201cLa propera pell\u201d que le ha valido la nominaci\u00f3n al Premio Gaud\u00ed a Mejor Actriz de Reparto, \u201cTres dies amb la familia\u201d).<br \/>\n\u00a0<br \/>\nCARAMEL FILMS, reconocida distribuidora de autores considerados de culto y de aclamados t\u00edtulos como \u201cLocas de alegr\u00eda\u201d, \u201cLas Inocentes\u201d, \u201cYo, Daniel Blake\u201d, \u201cThe Assassin\u201d, \u201cEl Club\u201d o la oscarizada \u201cIda\u201d, estrenar\u00e1 en Espa\u00f1a <em>La enfermedad del domingo<\/em>, una de las pocas pel\u00edculas espa\u00f1olas en las que ha puesto el foco y que considera una de sus grandes apuestas del a\u00f1o.<\/p>\n<p>SINOPSIS:<br \/>\nAnabel abandon\u00f3 a su hija Chiara cuando esta apenas ten\u00eda ocho a\u00f1os. Treinta y cinco a\u00f1os despu\u00e9s Chiara regresa con una extra\u00f1a petici\u00f3n para su madre; le pide que pasen diez d\u00edas juntas. Anabel ve en ese viaje la oportunidad para recuperar a su hija, pero no sabe que Chiara tiene un prop\u00f3sito oculto y que tendr\u00e1 que enfrentarse a la decisi\u00f3n m\u00e1s importante de su vida.<\/p>\n","protected":false},"excerpt":{"rendered":"<p>Foto: \u00a9 Luc\u00eda Faraig El pr\u00f3ximo 15 de diciembre llegar\u00e1 a las pantallas espa\u00f1olas La enfermedad del domingo, de RAM\u00d3N SALAZAR, director y guionista de los largometrajes \u201c10.000 noches en ninguna parte\u201d, \u201c20 cent\u00edmetros\u201d y \u201cPiedras\u201d (por el que obtuvo una nominaci\u00f3n al Goya a la Mejor Direcci\u00f3n Novel y particip\u00f3 en la Secci\u00f3n Oficial de la Berlinale de 2002), y guionista de los \u00e9xitos \u201cTres metros sobre el cielo\u201d y \u201cTengo ganas de ti\u201d, por los que fue candidato al Goya al Mejor Guion Adaptado. \u00a0 Producida por ZETA CINEMA y ON CINEMA 2017 con la colaboraci\u00f3n de TVE, TV3, ICAA, ICEC e ICO, la pel\u00edcula est\u00e1 protagonizada por B\u00c1RBARA LENNIE (\u201cMagical Girl\u201d que le vali\u00f3 el Goya a Mejor Actriz, \u201cMar\u00eda y los dem\u00e1s\u201d, \u201cEl Ni\u00f1o\u201d u \u201cObaba\u201d por las que tambi\u00e9n obtuvo nominaciones) y SUSI S\u00c1NCHEZ (\u201c10.000 noches en ninguna parte\u201d por la que fue nominada al<\/p>\n","protected":false},"author":2,"featured_media":5517,"comment_status":"closed","ping_status":"closed","sticky":false,"template":"","format":"standard","meta":{"footnotes":""},"categories":[70,64],"tags":[],"class_list":["post-5520","post","type-post","status-publish","format-standard","has-post-thumbnail","hentry","category-blog-en","category-news"],"_links":{"self":[{"href":"https:\/\/ellascomunicacion.com\/en\/wp-json\/wp\/v2\/posts\/5520","targetHints":{"allow":["GET"]}}],"collection":[{"href":"https:\/\/ellascomunicacion.com\/en\/wp-json\/wp\/v2\/posts"}],"about":[{"href":"https:\/\/ellascomunicacion.com\/en\/wp-json\/wp\/v2\/types\/post"}],"author":[{"embeddable":true,"href":"https:\/\/ellascomunicacion.com\/en\/wp-json\/wp\/v2\/users\/2"}],"replies":[{"embeddable":true,"href":"https:\/\/ellascomunicacion.com\/en\/wp-json\/wp\/v2\/comments?post=5520"}],"version-history":[{"count":3,"href":"https:\/\/ellascomunicacion.com\/en\/wp-json\/wp\/v2\/posts\/5520\/revisions"}],"predecessor-version":[{"id":5534,"href":"https:\/\/ellascomunicacion.com\/en\/wp-json\/wp\/v2\/posts\/5520\/revisions\/5534"}],"wp:featuredmedia":[{"embeddable":true,"href":"https:\/\/ellascomunicacion.com\/en\/wp-json\/wp\/v2\/media\/5517"}],"wp:attachment":[{"href":"https:\/\/ellascomunicacion.com\/en\/wp-json\/wp\/v2\/media?parent=5520"}],"wp:term":[{"taxonomy":"category","embeddable":true,"href":"https:\/\/ellascomunicacion.com\/en\/wp-json\/wp\/v2\/categories?post=5520"},{"taxonomy":"post_tag","embeddable":true,"href":"https:\/\/ellascomunicacion.com\/en\/wp-json\/wp\/v2\/tags?post=5520"}],"curies":[{"name":"wp","href":"https:\/\/api.w.org\/{rel}","templated":true}]}}