{"id":5502,"date":"2017-08-16T08:07:01","date_gmt":"2017-08-16T08:07:01","guid":{"rendered":"http:\/\/ellascomunicacion.com\/en\/el-festival-internacional-de-cine-de-toronto-acogera-el-estreno-mundial-de-el-secreto-de-marrowbone"},"modified":"2017-08-16T08:08:12","modified_gmt":"2017-08-16T08:08:12","slug":"el-festival-internacional-de-cine-de-toronto-acogera-el-estreno-mundial-de-el-secreto-de-marrowbone","status":"publish","type":"post","link":"https:\/\/ellascomunicacion.com\/en\/el-festival-internacional-de-cine-de-toronto-acogera-el-estreno-mundial-de-el-secreto-de-marrowbone","title":{"rendered":"El Festival Internacional de Cine de Toronto acoger\u00e1 el estreno mundial de &#8220;El Secreto de Marrowbone&#8221;"},"content":{"rendered":"<p>Foto: \u00a9 Quim Vives<\/p>\n<p><em>El secreto de Marrowbone<\/em> de Sergio G. S\u00e1nchez se presentar\u00e1 en el Festival Internacional de Cine de Toronto. El prestigioso certamen, que tendr\u00e1 lugar del 7 al 17 de septiembre, acoger\u00e1 en su pr\u00f3xima edici\u00f3n el estreno mundial de la pel\u00edcula.<br \/>\n\u00a0<br \/>\n<em>El Secreto De Marrowbone<\/em>, el debut como director de largometrajes de Sergio G. S\u00e1nchez, guionista de \u201cEl Orfanato\u201d, \u201cLo Imposible\u201d o \u201cPalmeras en la nieve\u201d, entre otros t\u00edtulos, se presentar\u00e1 en el Festival de cine de Toronto dentro de la secci\u00f3n Special Presentations.<br \/>\n\u00a0<\/p>\n","protected":false},"excerpt":{"rendered":"<p>Foto: \u00a9 Quim Vives El secreto de Marrowbone de Sergio G. S\u00e1nchez se presentar\u00e1 en el Festival Internacional de Cine de Toronto. El prestigioso certamen, que tendr\u00e1 lugar del 7 al 17 de septiembre, acoger\u00e1 en su pr\u00f3xima edici\u00f3n el estreno mundial de la pel\u00edcula. \u00a0 El Secreto De Marrowbone, el debut como director de largometrajes de Sergio G. S\u00e1nchez, guionista de \u201cEl Orfanato\u201d, \u201cLo Imposible\u201d o \u201cPalmeras en la nieve\u201d, entre otros t\u00edtulos, se presentar\u00e1 en el Festival de cine de Toronto dentro de la secci\u00f3n Special Presentations. \u00a0<\/p>\n","protected":false},"author":2,"featured_media":5500,"comment_status":"closed","ping_status":"closed","sticky":false,"template":"","format":"standard","meta":{"footnotes":""},"categories":[64],"tags":[],"class_list":["post-5502","post","type-post","status-publish","format-standard","has-post-thumbnail","hentry","category-news"],"_links":{"self":[{"href":"https:\/\/ellascomunicacion.com\/en\/wp-json\/wp\/v2\/posts\/5502","targetHints":{"allow":["GET"]}}],"collection":[{"href":"https:\/\/ellascomunicacion.com\/en\/wp-json\/wp\/v2\/posts"}],"about":[{"href":"https:\/\/ellascomunicacion.com\/en\/wp-json\/wp\/v2\/types\/post"}],"author":[{"embeddable":true,"href":"https:\/\/ellascomunicacion.com\/en\/wp-json\/wp\/v2\/users\/2"}],"replies":[{"embeddable":true,"href":"https:\/\/ellascomunicacion.com\/en\/wp-json\/wp\/v2\/comments?post=5502"}],"version-history":[{"count":1,"href":"https:\/\/ellascomunicacion.com\/en\/wp-json\/wp\/v2\/posts\/5502\/revisions"}],"predecessor-version":[{"id":5503,"href":"https:\/\/ellascomunicacion.com\/en\/wp-json\/wp\/v2\/posts\/5502\/revisions\/5503"}],"wp:featuredmedia":[{"embeddable":true,"href":"https:\/\/ellascomunicacion.com\/en\/wp-json\/wp\/v2\/media\/5500"}],"wp:attachment":[{"href":"https:\/\/ellascomunicacion.com\/en\/wp-json\/wp\/v2\/media?parent=5502"}],"wp:term":[{"taxonomy":"category","embeddable":true,"href":"https:\/\/ellascomunicacion.com\/en\/wp-json\/wp\/v2\/categories?post=5502"},{"taxonomy":"post_tag","embeddable":true,"href":"https:\/\/ellascomunicacion.com\/en\/wp-json\/wp\/v2\/tags?post=5502"}],"curies":[{"name":"wp","href":"https:\/\/api.w.org\/{rel}","templated":true}]}}