{"id":5285,"date":"2016-12-16T17:16:23","date_gmt":"2016-12-16T17:16:23","guid":{"rendered":"http:\/\/ellascomunicacion.com\/en\/omega-nominada-al-goya-a-mejor-pelicula-documental"},"modified":"2016-12-16T20:18:37","modified_gmt":"2016-12-16T20:18:37","slug":"omega-nominada-al-goya-a-mejor-pelicula-documental","status":"publish","type":"post","link":"https:\/\/ellascomunicacion.com\/en\/omega-nominada-al-goya-a-mejor-pelicula-documental","title":{"rendered":"&#8220;Omega&#8221; nominada al Goya a Mejor Pel\u00edcula Documental"},"content":{"rendered":"<p>\u00a9 Alfredo Arias<\/p>\n<p>La pel\u00edcula documental &#8220;Omega&#8221; logra estar entre las candidatas al Goya a Mejor Pel\u00edcula Documental.<\/p>\n<p>\u201cOmega\u201d narra la g\u00e9nesis y creaci\u00f3n del disco que rompi\u00f3 moldes en los a\u00f1os 90 fusionando el flamenco y el rock de la mano de Enrique Morente y Lagartija Nick, uniendo la poes\u00eda de Federico Garc\u00eda Lorca y las partituras de Leonard Cohen, y que recoge los testimonios de los que fueron sus principales protagonistas, como Estrella Morente, Antonio Arias (l\u00edder de la banda \u201cLagartija Nick\u201d), Tomatito, Alberto Manzano, Lee Ranaldo (Sonic Youth), Leonard Cohen, Laura Garc\u00eda Lorca (sobrina del poeta y presidenta de su fundaci\u00f3n) y el propio Morente.<\/p>\n<p>El documental \u201cOmega\u201d es una producci\u00f3n de\u00a0Sacromonte Films, Telecinco Cinema y Universal Music Spain con la participaci\u00f3n de Mediaset Espa\u00f1a, Canal Sur y el apoyo de la Junta de Andaluc\u00eda, y est\u00e1 codirigido por Jos\u00e9 S\u00e1nchez-Montes y Gervasio Iglesias. <\/p>\n","protected":false},"excerpt":{"rendered":"<p>\u00a9 Alfredo Arias La pel\u00edcula documental &#8220;Omega&#8221; logra estar entre las candidatas al Goya a Mejor Pel\u00edcula Documental. \u201cOmega\u201d narra la g\u00e9nesis y creaci\u00f3n del disco que rompi\u00f3 moldes en los a\u00f1os 90 fusionando el flamenco y el rock de la mano de Enrique Morente y Lagartija Nick, uniendo la poes\u00eda de Federico Garc\u00eda Lorca y las partituras de Leonard Cohen, y que recoge los testimonios de los que fueron sus principales protagonistas, como Estrella Morente, Antonio Arias (l\u00edder de la banda \u201cLagartija Nick\u201d), Tomatito, Alberto Manzano, Lee Ranaldo (Sonic Youth), Leonard Cohen, Laura Garc\u00eda Lorca (sobrina del poeta y presidenta de su fundaci\u00f3n) y el propio Morente. El documental \u201cOmega\u201d es una producci\u00f3n de\u00a0Sacromonte Films, Telecinco Cinema y Universal Music Spain con la participaci\u00f3n de Mediaset Espa\u00f1a, Canal Sur y el apoyo de la Junta de Andaluc\u00eda, y est\u00e1 codirigido por Jos\u00e9 S\u00e1nchez-Montes y Gervasio Iglesias.<\/p>\n","protected":false},"author":2,"featured_media":5276,"comment_status":"closed","ping_status":"closed","sticky":false,"template":"","format":"standard","meta":{"footnotes":""},"categories":[64],"tags":[],"class_list":["post-5285","post","type-post","status-publish","format-standard","has-post-thumbnail","hentry","category-news"],"_links":{"self":[{"href":"https:\/\/ellascomunicacion.com\/en\/wp-json\/wp\/v2\/posts\/5285","targetHints":{"allow":["GET"]}}],"collection":[{"href":"https:\/\/ellascomunicacion.com\/en\/wp-json\/wp\/v2\/posts"}],"about":[{"href":"https:\/\/ellascomunicacion.com\/en\/wp-json\/wp\/v2\/types\/post"}],"author":[{"embeddable":true,"href":"https:\/\/ellascomunicacion.com\/en\/wp-json\/wp\/v2\/users\/2"}],"replies":[{"embeddable":true,"href":"https:\/\/ellascomunicacion.com\/en\/wp-json\/wp\/v2\/comments?post=5285"}],"version-history":[{"count":1,"href":"https:\/\/ellascomunicacion.com\/en\/wp-json\/wp\/v2\/posts\/5285\/revisions"}],"predecessor-version":[{"id":5286,"href":"https:\/\/ellascomunicacion.com\/en\/wp-json\/wp\/v2\/posts\/5285\/revisions\/5286"}],"wp:featuredmedia":[{"embeddable":true,"href":"https:\/\/ellascomunicacion.com\/en\/wp-json\/wp\/v2\/media\/5276"}],"wp:attachment":[{"href":"https:\/\/ellascomunicacion.com\/en\/wp-json\/wp\/v2\/media?parent=5285"}],"wp:term":[{"taxonomy":"category","embeddable":true,"href":"https:\/\/ellascomunicacion.com\/en\/wp-json\/wp\/v2\/categories?post=5285"},{"taxonomy":"post_tag","embeddable":true,"href":"https:\/\/ellascomunicacion.com\/en\/wp-json\/wp\/v2\/tags?post=5285"}],"curies":[{"name":"wp","href":"https:\/\/api.w.org\/{rel}","templated":true}]}}