{"id":5273,"date":"2016-12-16T15:00:39","date_gmt":"2016-12-16T15:00:39","guid":{"rendered":"http:\/\/ellascomunicacion.com\/en\/la-pelicula-ozzy-logra-dos-nominaciones-a-los-premios-goya"},"modified":"2016-12-16T20:03:58","modified_gmt":"2016-12-16T20:03:58","slug":"la-pelicula-ozzy-logra-dos-nominaciones-a-los-premios-goya","status":"publish","type":"post","link":"https:\/\/ellascomunicacion.com\/en\/la-pelicula-ozzy-logra-dos-nominaciones-a-los-premios-goya","title":{"rendered":"La pel\u00edcula &#8220;OZZY&#8221; logra dos nominaciones a los Premios Goya"},"content":{"rendered":"<p>&#8220;OZZY&#8221; se alza con dos nominaciones a los Premios Goya, a Mejor Pel\u00edcula de Animaci\u00f3n y Mejor Sonido.<\/p>\n<p>\u201cOZZY\u201d, una producci\u00f3n de Capit\u00e1n Ara\u00f1a, Arcadia Motion Pictures, Pachacamac Films y Tangent Animation en colaboraci\u00f3n con Atresmedia Cine, est\u00e1 dirigida por Alberto Rodr\u00edguez (Pocoy\u00f3), y codirigida por Nacho La Casa.<\/p>\n<p>Buena Vista Internacional estren\u00f3 este largometraje en cines el pasado 14 de octubre. La producci\u00f3n ejecutiva corre a cargo de Nacho La Casa, Ibon Cormenzana e Ignasi Estap\u00e9 y cuenta en el cast de voces con la participaci\u00f3n de Dani Rovira, Jos\u00e9 Mota, Michelle Jenner, Fernando Tejero, Carlos Areces, Elsa Pataky, Pablo Espinosa, Selu Nieto y la colaboraci\u00f3n especial de Manolo Lama, Maldini y Mat\u00edas Prats.<\/p>\n","protected":false},"excerpt":{"rendered":"<p>&#8220;OZZY&#8221; se alza con dos nominaciones a los Premios Goya, a Mejor Pel\u00edcula de Animaci\u00f3n y Mejor Sonido. \u201cOZZY\u201d, una producci\u00f3n de Capit\u00e1n Ara\u00f1a, Arcadia Motion Pictures, Pachacamac Films y Tangent Animation en colaboraci\u00f3n con Atresmedia Cine, est\u00e1 dirigida por Alberto Rodr\u00edguez (Pocoy\u00f3), y codirigida por Nacho La Casa. Buena Vista Internacional estren\u00f3 este largometraje en cines el pasado 14 de octubre. La producci\u00f3n ejecutiva corre a cargo de Nacho La Casa, Ibon Cormenzana e Ignasi Estap\u00e9 y cuenta en el cast de voces con la participaci\u00f3n de Dani Rovira, Jos\u00e9 Mota, Michelle Jenner, Fernando Tejero, Carlos Areces, Elsa Pataky, Pablo Espinosa, Selu Nieto y la colaboraci\u00f3n especial de Manolo Lama, Maldini y Mat\u00edas Prats.<\/p>\n","protected":false},"author":2,"featured_media":5271,"comment_status":"closed","ping_status":"closed","sticky":false,"template":"","format":"standard","meta":{"footnotes":""},"categories":[64],"tags":[],"class_list":["post-5273","post","type-post","status-publish","format-standard","has-post-thumbnail","hentry","category-news"],"_links":{"self":[{"href":"https:\/\/ellascomunicacion.com\/en\/wp-json\/wp\/v2\/posts\/5273","targetHints":{"allow":["GET"]}}],"collection":[{"href":"https:\/\/ellascomunicacion.com\/en\/wp-json\/wp\/v2\/posts"}],"about":[{"href":"https:\/\/ellascomunicacion.com\/en\/wp-json\/wp\/v2\/types\/post"}],"author":[{"embeddable":true,"href":"https:\/\/ellascomunicacion.com\/en\/wp-json\/wp\/v2\/users\/2"}],"replies":[{"embeddable":true,"href":"https:\/\/ellascomunicacion.com\/en\/wp-json\/wp\/v2\/comments?post=5273"}],"version-history":[{"count":1,"href":"https:\/\/ellascomunicacion.com\/en\/wp-json\/wp\/v2\/posts\/5273\/revisions"}],"predecessor-version":[{"id":5274,"href":"https:\/\/ellascomunicacion.com\/en\/wp-json\/wp\/v2\/posts\/5273\/revisions\/5274"}],"wp:featuredmedia":[{"embeddable":true,"href":"https:\/\/ellascomunicacion.com\/en\/wp-json\/wp\/v2\/media\/5271"}],"wp:attachment":[{"href":"https:\/\/ellascomunicacion.com\/en\/wp-json\/wp\/v2\/media?parent=5273"}],"wp:term":[{"taxonomy":"category","embeddable":true,"href":"https:\/\/ellascomunicacion.com\/en\/wp-json\/wp\/v2\/categories?post=5273"},{"taxonomy":"post_tag","embeddable":true,"href":"https:\/\/ellascomunicacion.com\/en\/wp-json\/wp\/v2\/tags?post=5273"}],"curies":[{"name":"wp","href":"https:\/\/api.w.org\/{rel}","templated":true}]}}