{"id":5168,"date":"2016-09-26T19:48:38","date_gmt":"2016-09-26T19:48:38","guid":{"rendered":"http:\/\/ellascomunicacion.com\/en\/eduard-fernandez-concha-de-plata-al-mejor-actor-en-san-sebastian"},"modified":"2016-09-26T19:49:23","modified_gmt":"2016-09-26T19:49:23","slug":"eduard-fernandez-concha-de-plata-al-mejor-actor-en-san-sebastian","status":"publish","type":"post","link":"https:\/\/ellascomunicacion.com\/en\/eduard-fernandez-concha-de-plata-al-mejor-actor-en-san-sebastian","title":{"rendered":"Eduard Fern\u00e1ndez, Concha de Plata al Mejor Actor en San Sebasti\u00e1n"},"content":{"rendered":"<p>El actor Eduard Fern\u00e1ndez ha sido merecedor de la Concha de Plata al Mejor Actor en el Festival Internacional de Cine de San Sebasti\u00e1n por su trabajo encarnando a Francisco Paesa en <em>El hombre de las mil caras<\/em>, de Alberto Rodr\u00edguez.<\/p>\n<p>El actor recibi\u00f3 el premio de manos de la figurinista, miembro del Jurado Oficial, Bina Daigeler. <\/p>\n","protected":false},"excerpt":{"rendered":"<p>El actor Eduard Fern\u00e1ndez ha sido merecedor de la Concha de Plata al Mejor Actor en el Festival Internacional de Cine de San Sebasti\u00e1n por su trabajo encarnando a Francisco Paesa en El hombre de las mil caras, de Alberto Rodr\u00edguez. El actor recibi\u00f3 el premio de manos de la figurinista, miembro del Jurado Oficial, Bina Daigeler.<\/p>\n","protected":false},"author":2,"featured_media":5166,"comment_status":"closed","ping_status":"closed","sticky":false,"template":"","format":"standard","meta":{"footnotes":""},"categories":[64],"tags":[],"class_list":["post-5168","post","type-post","status-publish","format-standard","has-post-thumbnail","hentry","category-news"],"_links":{"self":[{"href":"https:\/\/ellascomunicacion.com\/en\/wp-json\/wp\/v2\/posts\/5168","targetHints":{"allow":["GET"]}}],"collection":[{"href":"https:\/\/ellascomunicacion.com\/en\/wp-json\/wp\/v2\/posts"}],"about":[{"href":"https:\/\/ellascomunicacion.com\/en\/wp-json\/wp\/v2\/types\/post"}],"author":[{"embeddable":true,"href":"https:\/\/ellascomunicacion.com\/en\/wp-json\/wp\/v2\/users\/2"}],"replies":[{"embeddable":true,"href":"https:\/\/ellascomunicacion.com\/en\/wp-json\/wp\/v2\/comments?post=5168"}],"version-history":[{"count":1,"href":"https:\/\/ellascomunicacion.com\/en\/wp-json\/wp\/v2\/posts\/5168\/revisions"}],"predecessor-version":[{"id":5169,"href":"https:\/\/ellascomunicacion.com\/en\/wp-json\/wp\/v2\/posts\/5168\/revisions\/5169"}],"wp:featuredmedia":[{"embeddable":true,"href":"https:\/\/ellascomunicacion.com\/en\/wp-json\/wp\/v2\/media\/5166"}],"wp:attachment":[{"href":"https:\/\/ellascomunicacion.com\/en\/wp-json\/wp\/v2\/media?parent=5168"}],"wp:term":[{"taxonomy":"category","embeddable":true,"href":"https:\/\/ellascomunicacion.com\/en\/wp-json\/wp\/v2\/categories?post=5168"},{"taxonomy":"post_tag","embeddable":true,"href":"https:\/\/ellascomunicacion.com\/en\/wp-json\/wp\/v2\/tags?post=5168"}],"curies":[{"name":"wp","href":"https:\/\/api.w.org\/{rel}","templated":true}]}}