{"id":5145,"date":"2016-09-08T11:36:14","date_gmt":"2016-09-08T11:36:14","guid":{"rendered":"http:\/\/ellascomunicacion.com\/en\/se-presentara-en-el-festival-de-san-sebastian-un-avance-de-omega-documental-que-inaugurara-el-festival-beefeater-in-edit"},"modified":"2016-09-09T05:31:39","modified_gmt":"2016-09-09T05:31:39","slug":"se-presentara-en-el-festival-de-san-sebastian-un-avance-de-omega-documental-que-inaugurara-el-festival-beefeater-in-edit","status":"publish","type":"post","link":"https:\/\/ellascomunicacion.com\/en\/se-presentara-en-el-festival-de-san-sebastian-un-avance-de-omega-documental-que-inaugurara-el-festival-beefeater-in-edit","title":{"rendered":"&#8220;Omega&#8221;, tras presentar un avance en primicia en el Festival de Cine de San Sebasti\u00e1n, inaugurar\u00e1 el Festival Beeafeater In-Edit"},"content":{"rendered":"<p>\u00a9Alberto Manzano<\/p>\n<p>El pr\u00f3ximo 19 de septiembre, en el marco de la 64 edici\u00f3n del Festival Internacional de Cine de San Sebasti\u00e1n, tendr\u00e1 lugar en primicia la presentaci\u00f3n de un fragmento del documental <em>Omega<\/em> as\u00ed como del primer tema del disco, \u201cOmega (Poema para los muertos)\u201d, remasterizado en formato de audio 5.1 y que se incluir\u00e1, junto al \u00e1lbum original completo tambi\u00e9n en 5.1, en la edici\u00f3n DVD del documental. <\/p>\n<p>La cita tendr\u00e1 lugar a las 17:00h en el Museo San Telmo y contar\u00e1 con la presencia del director y guionista Jos\u00e9 S\u00e1nchez-Montes; el coproductor y codirector Gervasio Iglesias; Aurora Carbonell, esposa de Enrique Morente; Alberto Manzano, poeta, periodista y escritor que propici\u00f3 el encuentro entre Morente y Leonard Cohen; y Manuel Villanueva, Director General de Contenidos de Mediaset Espa\u00f1a.<\/p>\n<p>\u201cOMEGA\u201d, antes de su estreno en salas el pr\u00f3ximo 28 de octubre, tendr\u00e1 su estreno mundial el 27 de octubre en el prestigioso Festival BEEAFEATER IN-EDIT, el certamen dedicado al documental musical con mayor proyecci\u00f3n en el mundo y que contar\u00e1 en Barcelona para presentar el evento con los protagonistas del documental. <\/p>\n<p>Producido por Sacromonte Films, Telecinco Cinema y Universal Music Spain con la participaci\u00f3n de Canal Sur y el apoyo de la Junta de Andaluc\u00eda, <em>Omega<\/em> cuenta con el archivo sonoro y audiovisual que se conserva de la \u00e9poca, recogiendo los procesos de preproducci\u00f3n, producci\u00f3n y realizaci\u00f3n, as\u00ed como numerosos temas y documentos in\u00e9ditos hasta ahora nunca vistos ni escuchados.<\/p>\n<p>La pel\u00edcula documental cuenta la g\u00e9nesis y creaci\u00f3n del proyecto que rompi\u00f3 moldes en los noventa fusionando el flamenco y el rock de la mano de Enrique Morente y Lagartija Nick, uniendo la poes\u00eda de Federico Garc\u00eda Lorca y las partituras de Leonard Cohen. <\/p>\n<p>Recoge los testimonios de los que fueron sus principales protagonistas, como Estrella Morente, Antonio Arias (l\u00edder de la banda \u201cLagartija Nick\u201d), Tomatito, Alberto Manzano, Lee Ranaldo (Sonic Youth), Leonard Cohen, Laura Garc\u00eda Lorca (sobrina del poeta y presidenta de su fundaci\u00f3n) y el propio Morente.<\/p>\n<p>El pr\u00f3ximo 25 de noviembre tendr\u00e1 lugar el lanzamiento del documental <em>Omega<\/em> en una edici\u00f3n multiformato que tambi\u00e9n incluir\u00e1 el disco original remasterizado y extendido, por parte de Universal Music Spain, en conmemoraci\u00f3n de su vig\u00e9simo aniversario.<\/p>\n","protected":false},"excerpt":{"rendered":"<p>\u00a9Alberto Manzano El pr\u00f3ximo 19 de septiembre, en el marco de la 64 edici\u00f3n del Festival Internacional de Cine de San Sebasti\u00e1n, tendr\u00e1 lugar en primicia la presentaci\u00f3n de un fragmento del documental Omega as\u00ed como del primer tema del disco, \u201cOmega (Poema para los muertos)\u201d, remasterizado en formato de audio 5.1 y que se incluir\u00e1, junto al \u00e1lbum original completo tambi\u00e9n en 5.1, en la edici\u00f3n DVD del documental. La cita tendr\u00e1 lugar a las 17:00h en el Museo San Telmo y contar\u00e1 con la presencia del director y guionista Jos\u00e9 S\u00e1nchez-Montes; el coproductor y codirector Gervasio Iglesias; Aurora Carbonell, esposa de Enrique Morente; Alberto Manzano, poeta, periodista y escritor que propici\u00f3 el encuentro entre Morente y Leonard Cohen; y Manuel Villanueva, Director General de Contenidos de Mediaset Espa\u00f1a. \u201cOMEGA\u201d, antes de su estreno en salas el pr\u00f3ximo 28 de octubre, tendr\u00e1 su estreno mundial el 27 de octubre<\/p>\n","protected":false},"author":2,"featured_media":5138,"comment_status":"closed","ping_status":"closed","sticky":false,"template":"","format":"standard","meta":{"footnotes":""},"categories":[70,64],"tags":[],"class_list":["post-5145","post","type-post","status-publish","format-standard","has-post-thumbnail","hentry","category-blog-en","category-news"],"_links":{"self":[{"href":"https:\/\/ellascomunicacion.com\/en\/wp-json\/wp\/v2\/posts\/5145","targetHints":{"allow":["GET"]}}],"collection":[{"href":"https:\/\/ellascomunicacion.com\/en\/wp-json\/wp\/v2\/posts"}],"about":[{"href":"https:\/\/ellascomunicacion.com\/en\/wp-json\/wp\/v2\/types\/post"}],"author":[{"embeddable":true,"href":"https:\/\/ellascomunicacion.com\/en\/wp-json\/wp\/v2\/users\/2"}],"replies":[{"embeddable":true,"href":"https:\/\/ellascomunicacion.com\/en\/wp-json\/wp\/v2\/comments?post=5145"}],"version-history":[{"count":2,"href":"https:\/\/ellascomunicacion.com\/en\/wp-json\/wp\/v2\/posts\/5145\/revisions"}],"predecessor-version":[{"id":5152,"href":"https:\/\/ellascomunicacion.com\/en\/wp-json\/wp\/v2\/posts\/5145\/revisions\/5152"}],"wp:featuredmedia":[{"embeddable":true,"href":"https:\/\/ellascomunicacion.com\/en\/wp-json\/wp\/v2\/media\/5138"}],"wp:attachment":[{"href":"https:\/\/ellascomunicacion.com\/en\/wp-json\/wp\/v2\/media?parent=5145"}],"wp:term":[{"taxonomy":"category","embeddable":true,"href":"https:\/\/ellascomunicacion.com\/en\/wp-json\/wp\/v2\/categories?post=5145"},{"taxonomy":"post_tag","embeddable":true,"href":"https:\/\/ellascomunicacion.com\/en\/wp-json\/wp\/v2\/tags?post=5145"}],"curies":[{"name":"wp","href":"https:\/\/api.w.org\/{rel}","templated":true}]}}