{"id":10753,"date":"2026-08-31T08:05:08","date_gmt":"2026-08-31T08:05:08","guid":{"rendered":"https:\/\/ellascomunicacion.com\/el-mal-hijo\/"},"modified":"2026-08-31T08:06:44","modified_gmt":"2026-08-31T08:06:44","slug":"el-mal-hijo","status":"publish","type":"post","link":"https:\/\/ellascomunicacion.com\/en\/el-mal-hijo\/","title":{"rendered":"\u201cEl mal hijo\u201d"},"content":{"rendered":"<p>Foto: Miguel \u00c1ngel Fern\u00e1ndez <\/p>\n<p>Una pel\u00edcula dirigida por Jaime Lorente, adaptando la novela hom\u00f3nima de Salvador S. Molina, que tambi\u00e9n firma el guion.<\/p>\n<p>Protagonizada por Susi S\u00e1nchez, Miguel \u00c1ngel Puro, Hugo Arbu\u00e9s, \u00d3scar de la Fuente, y Abel de la Fuente.<\/p>\n<p>Una producci\u00f3n de El mal hijo la pel\u00edcula en asociaci\u00f3n con EMEDIA Canary Projects con la participaci\u00f3n de AF Canary Islands Studios, Match Point y CREA SGR y con el apoyo de Canary Islands Film.<\/p>\n<p>Las ventas internacionales estar\u00e1n a cargo de Film Factory. <\/p>\n","protected":false},"excerpt":{"rendered":"<p>Foto: Miguel \u00c1ngel Fern\u00e1ndez Una pel\u00edcula dirigida por Jaime Lorente, adaptando la novela hom\u00f3nima de Salvador S. Molina, que tambi\u00e9n firma el guion. Protagonizada por Susi S\u00e1nchez, Miguel \u00c1ngel Puro, Hugo Arbu\u00e9s, \u00d3scar de la Fuente, y Abel de la Fuente. Una producci\u00f3n de El mal hijo la pel\u00edcula en asociaci\u00f3n con EMEDIA Canary Projects con la participaci\u00f3n de AF Canary Islands Studios, Match Point y CREA SGR y con el apoyo de Canary Islands Film. Las ventas internacionales estar\u00e1n a cargo de Film Factory.<\/p>\n","protected":false},"author":2,"featured_media":10751,"comment_status":"closed","ping_status":"closed","sticky":false,"template":"","format":"standard","meta":{"footnotes":""},"categories":[69,63],"tags":[],"class_list":["post-10753","post","type-post","status-publish","format-standard","has-post-thumbnail","hentry","category-en-que-andamos-en-2","category-en-que-andamos-en"],"_links":{"self":[{"href":"https:\/\/ellascomunicacion.com\/en\/wp-json\/wp\/v2\/posts\/10753","targetHints":{"allow":["GET"]}}],"collection":[{"href":"https:\/\/ellascomunicacion.com\/en\/wp-json\/wp\/v2\/posts"}],"about":[{"href":"https:\/\/ellascomunicacion.com\/en\/wp-json\/wp\/v2\/types\/post"}],"author":[{"embeddable":true,"href":"https:\/\/ellascomunicacion.com\/en\/wp-json\/wp\/v2\/users\/2"}],"replies":[{"embeddable":true,"href":"https:\/\/ellascomunicacion.com\/en\/wp-json\/wp\/v2\/comments?post=10753"}],"version-history":[{"count":1,"href":"https:\/\/ellascomunicacion.com\/en\/wp-json\/wp\/v2\/posts\/10753\/revisions"}],"predecessor-version":[{"id":10754,"href":"https:\/\/ellascomunicacion.com\/en\/wp-json\/wp\/v2\/posts\/10753\/revisions\/10754"}],"wp:featuredmedia":[{"embeddable":true,"href":"https:\/\/ellascomunicacion.com\/en\/wp-json\/wp\/v2\/media\/10751"}],"wp:attachment":[{"href":"https:\/\/ellascomunicacion.com\/en\/wp-json\/wp\/v2\/media?parent=10753"}],"wp:term":[{"taxonomy":"category","embeddable":true,"href":"https:\/\/ellascomunicacion.com\/en\/wp-json\/wp\/v2\/categories?post=10753"},{"taxonomy":"post_tag","embeddable":true,"href":"https:\/\/ellascomunicacion.com\/en\/wp-json\/wp\/v2\/tags?post=10753"}],"curies":[{"name":"wp","href":"https:\/\/api.w.org\/{rel}","templated":true}]}}