{"id":10457,"date":"2025-06-17T16:04:56","date_gmt":"2025-06-17T16:04:56","guid":{"rendered":"https:\/\/ellascomunicacion.com\/rondallas-de-daniel-sanchez-arevalo-estreno-en-cines-el-1-de-enero-de-2026"},"modified":"2025-06-17T16:05:33","modified_gmt":"2025-06-17T16:05:33","slug":"rondallas-de-daniel-sanchez-arevalo-estreno-en-cines-el-1-de-enero-de-2026","status":"publish","type":"post","link":"https:\/\/ellascomunicacion.com\/en\/rondallas-de-daniel-sanchez-arevalo-estreno-en-cines-el-1-de-enero-de-2026","title":{"rendered":"\u201cRondallas\u201d de Daniel S\u00e1nchez Ar\u00e9valo, estreno en cines el 1 de enero de 2026"},"content":{"rendered":"<p>Foto: Manuel Garc\u00eda-Vald\u00e9s<\/p>\n<p><strong>RONDALLAS<\/strong>, pel\u00edcula escrita y dirigida por Daniel S\u00e1nchez Ar\u00e9valo y producida por Mister Fields and Friends, Bamb\u00fa Producciones y Rondallas Movie A.I.E., llegar\u00e1 a los cines el 1 de enero de 2026.<\/p>\n<p>Producida por Ram\u00f3n Campos, <strong>RONDALLAS<\/strong> supone el regreso al cine de Daniel S\u00e1nchez Ar\u00e9valo con el que ser\u00e1 su sexto largometraje como director. Se trata de una comedia dram\u00e1tica, una oda a la resiliencia y a la importancia de la comunidad en tiempos dif\u00edciles. El reconocido cineasta, ganador del Goya a Mejor Director Novel por \u201cAzulOscuroCasiNegro\u201d \u2014\u00f3pera prima con la que tambi\u00e9n obtuvo la Biznaga de Plata al Mejor Guion y el Premio Especial del Jurado en el Festival de M\u00e1laga\u2014 ha sido nominado en los Premios Goya en la categor\u00eda de Mejor Guion Original por \u201cAzulOscurocasinegro\u201d, \u201cGordos\u201d y \u201cLa Gran Familia espa\u00f1ola\u201d. Es tambi\u00e9n director de otras pel\u00edculas como \u201cPrimos\u201d o \u201cDiecisiete\u201d y, como escritor, fue finalista del Premio Planeta por su novela \u201cLa Isla de Alice\u201d.<\/p>\n<p>Rodada en diversas localizaciones de la provincia de Pontevedra, con su epicentro en la localidad de A Guarda, <strong>RONDALLAS<\/strong> nos transporta a un pueblo de la costa de Galicia que, tras sufrir una reciente tragedia, encuentra consuelo y esperanza en su rondalla, la tradicional banda de m\u00fasica rural gallega. Un viaje emocional a trav\u00e9s de la belleza de Galicia y la fuerza del esp\u00edritu humano.<\/p>\n<p><strong>RONDALLAS<\/strong> tiene como protagonistas a Javier Guti\u00e9rrez (Concha de plata a Mejor Actor por \u201cLa Isla m\u00ednima\u201d y Goya a Mejor Actor Protagonista por \u201cLa isla m\u00ednima\u201d y \u201cEl autor\u201d, ), Mar\u00eda V\u00e1zquez (Biznaga de Oro a Mejor actriz por \u201cMatria\u201d, Premio especial del jurado por su interpretaci\u00f3n en el Festival de Cine de Seatttle), Judith Fern\u00e1ndez (\u201cMatusal\u00e9n\u201d, \u201cAcacias 38\u201d, \u201cApag\u00f3n\u201d), Tamar Novas (Goya al Mejor Actor Revelaci\u00f3n por \u201cMar Adentro\u201d, y prolifero actor desde que comenz\u00f3 su carrera a los 11 a\u00f1os con \u201cLa Lengua de las mariposas\u201d, \u201cLos abrazos rotos\u201d, \u201cNowhere\u201d), Carlos Blanco (ganador del Premio Maestre Mateo por \u201cHero\u00edna\u201d, Premio Rebulir de la Cultura Gallega en la modalidad de artes esc\u00e9nicas, \u201cEl hoyo 2\u201d, \u201cEl caso Asunta\u201d, \u201cLos a\u00f1os nuevos\u201d), todos ellos dan vida a los habitantes de este pueblo costero, cuyas vidas se entrelazan al ritmo de la m\u00fasica y la tradici\u00f3n.<\/p>\n<p>Completan el reparto Fer Fraga, Xos\u00e9 A. Touri\u00f1\u00e1n, Marta Larralde y la ni\u00f1a Lola L\u00f3pez Rodr\u00edguez.  <\/p>\n<p>Acompa\u00f1an a Daniel S\u00e1nchez Ar\u00e9valo en este nuevo largometraje el director de fotograf\u00eda Rafa Garc\u00eda (\u201cEscape\u201d, \u201cTeresa\u201d, \u201cEl amor en su lugar\u201d), el montador Miguel Sanz (\u201cLas de la \u00faltima fila\u201d, \u201cDiecisiete\u201d), el compositor Federico Jusid (\u201cEl caso Asunta\u201d, \u201cThe English\u201d, \u201cLoving Pablo\u201d), la directora de producci\u00f3n Miriam Devesa (\u201cEl caso Asunta\u201d, \u201cEl desorden que dejas\u201d), el director de arte Antonio Pereira (\u201cFari\u00f1a\u201d, \u201cEl caso Asunta\u201d), la figurinista Eva Camino (\u201cNowhere\u201d, \u201cFari\u00f1a\u201d, \u201cMalasa\u00f1a 32\u201d), la jefa de peluquer\u00eda Mara Collazo (\u201cFari\u00f1a\u201d, \u201cAd\u00fa\u201d, \u201cEl caso Asunta\u201d) y la directora de casting Conchi Iglesias (\u201cEl caso Asunta\u201d, \u201cFatum\u201d, \u201cC\u00f3digo Emperador\u201d).<\/p>\n<p>Distribuida en Espa\u00f1a por BETA FICTION SPAIN, esta pel\u00edcula es una producci\u00f3n de Ram\u00f3n Campos para Mister Fields and Friends y Bamb\u00fa Producciones, y Rondallas Movie A.I.E.<\/p>\n<p><strong>RONDALLAS<\/strong> cuenta con la participaci\u00f3n de Movistar Plus+, RTVE y TVG, con la financiaci\u00f3n del ICAA, Y esta cofinanciada por la Uni\u00f3n Europea con la subvenci\u00f3n de la Agencia Gallega de las Industrias Culturales (AGADIC), Xunta de Galicia y cuenta con la colaboraci\u00f3n de la Diputaci\u00f3n de Pontevedra.<\/p>\n<p>La pel\u00edcula SE ESTRENAR\u00c1 EN CINES DE TODA ESPA\u00d1A EL 1 DE ENERO DE 2026 por BETA FICTION SPAIN. Y las ventas internacionales corren a cargo de STUDIOCANAL.<\/p>\n<p>SINOPSIS<br \/>\nDos a\u00f1os despu\u00e9s del tr\u00e1gico naufragio de un barco pesquero que sacudi\u00f3 a un peque\u00f1o pueblo marinero gallego, algunos miembros de la rondalla, una agrupaci\u00f3n de m\u00fasica tradicional en la que participan desde ni\u00f1os hasta ancianos, deciden que ya es hora de recuperar la ilusi\u00f3n y dejar el luto atr\u00e1s. Por ello vuelven a unirse para ponerla en marcha con la intenci\u00f3n de competir en un concurso contra los pueblos vecinos, pero sobre todo de empezar a mirar hacia delante de nuevo.<\/p>\n","protected":false},"excerpt":{"rendered":"<p>Foto: Manuel Garc\u00eda-Vald\u00e9s RONDALLAS, pel\u00edcula escrita y dirigida por Daniel S\u00e1nchez Ar\u00e9valo y producida por Mister Fields and Friends, Bamb\u00fa Producciones y Rondallas Movie A.I.E., llegar\u00e1 a los cines el 1 de enero de 2026. Producida por Ram\u00f3n Campos, RONDALLAS supone el regreso al cine de Daniel S\u00e1nchez Ar\u00e9valo con el que ser\u00e1 su sexto largometraje como director. Se trata de una comedia dram\u00e1tica, una oda a la resiliencia y a la importancia de la comunidad en tiempos dif\u00edciles. El reconocido cineasta, ganador del Goya a Mejor Director Novel por \u201cAzulOscuroCasiNegro\u201d \u2014\u00f3pera prima con la que tambi\u00e9n obtuvo la Biznaga de Plata al Mejor Guion y el Premio Especial del Jurado en el Festival de M\u00e1laga\u2014 ha sido nominado en los Premios Goya en la categor\u00eda de Mejor Guion Original por \u201cAzulOscurocasinegro\u201d, \u201cGordos\u201d y \u201cLa Gran Familia espa\u00f1ola\u201d. Es tambi\u00e9n director de otras pel\u00edculas como \u201cPrimos\u201d o \u201cDiecisiete\u201d y, como<\/p>\n","protected":false},"author":2,"featured_media":10455,"comment_status":"closed","ping_status":"closed","sticky":false,"template":"","format":"standard","meta":{"footnotes":""},"categories":[70,64],"tags":[],"class_list":["post-10457","post","type-post","status-publish","format-standard","has-post-thumbnail","hentry","category-blog-en","category-news"],"_links":{"self":[{"href":"https:\/\/ellascomunicacion.com\/en\/wp-json\/wp\/v2\/posts\/10457","targetHints":{"allow":["GET"]}}],"collection":[{"href":"https:\/\/ellascomunicacion.com\/en\/wp-json\/wp\/v2\/posts"}],"about":[{"href":"https:\/\/ellascomunicacion.com\/en\/wp-json\/wp\/v2\/types\/post"}],"author":[{"embeddable":true,"href":"https:\/\/ellascomunicacion.com\/en\/wp-json\/wp\/v2\/users\/2"}],"replies":[{"embeddable":true,"href":"https:\/\/ellascomunicacion.com\/en\/wp-json\/wp\/v2\/comments?post=10457"}],"version-history":[{"count":1,"href":"https:\/\/ellascomunicacion.com\/en\/wp-json\/wp\/v2\/posts\/10457\/revisions"}],"predecessor-version":[{"id":10458,"href":"https:\/\/ellascomunicacion.com\/en\/wp-json\/wp\/v2\/posts\/10457\/revisions\/10458"}],"wp:featuredmedia":[{"embeddable":true,"href":"https:\/\/ellascomunicacion.com\/en\/wp-json\/wp\/v2\/media\/10455"}],"wp:attachment":[{"href":"https:\/\/ellascomunicacion.com\/en\/wp-json\/wp\/v2\/media?parent=10457"}],"wp:term":[{"taxonomy":"category","embeddable":true,"href":"https:\/\/ellascomunicacion.com\/en\/wp-json\/wp\/v2\/categories?post=10457"},{"taxonomy":"post_tag","embeddable":true,"href":"https:\/\/ellascomunicacion.com\/en\/wp-json\/wp\/v2\/tags?post=10457"}],"curies":[{"name":"wp","href":"https:\/\/api.w.org\/{rel}","templated":true}]}}